{"id":1156,"date":"2019-09-22T17:19:39","date_gmt":"2019-09-22T16:19:39","guid":{"rendered":"http:\/\/lan.ba\/?p=1156"},"modified":"2025-07-08T15:58:58","modified_gmt":"2025-07-08T14:58:58","slug":"udruzenje-lan-ulicnim-akcijama-obiljezilo-medunarodni-dan-mira","status":"publish","type":"post","link":"https:\/\/lan.ba\/udruzenjegradjanalan\/2019\/09\/22\/udruzenje-lan-ulicnim-akcijama-obiljezilo-medunarodni-dan-mira\/","title":{"rendered":"Udru\u017eenje Lan uli\u010dnim akcijama obilje\u017eilo Me\u0111unarodni dan mira"},"content":{"rendered":"\n<figure class=\"wp-block-image\"><img loading=\"lazy\" decoding=\"async\" width=\"1024\" height=\"768\" src=\"https:\/\/lan.ba\/udruzenjegradjanalan\/wp-content\/uploads\/2019\/09\/20190920_102603-1024x768.jpg\" alt=\"\" class=\"wp-image-1158\" srcset=\"https:\/\/lan.ba\/udruzenjegradjanalan\/wp-content\/uploads\/2019\/09\/20190920_102603-1024x768.jpg 1024w, https:\/\/lan.ba\/udruzenjegradjanalan\/wp-content\/uploads\/2019\/09\/20190920_102603-300x225.jpg 300w, https:\/\/lan.ba\/udruzenjegradjanalan\/wp-content\/uploads\/2019\/09\/20190920_102603-768x576.jpg 768w\" sizes=\"auto, (max-width: 1024px) 100vw, 1024px\" \/><\/figure>\n\n\n\n<figure class=\"wp-block-gallery has-nested-images columns-default is-cropped wp-block-gallery-1 is-layout-flex wp-block-gallery-is-layout-flex\">\n<figure class=\"wp-block-image size-large\"><img loading=\"lazy\" decoding=\"async\" width=\"1024\" height=\"768\" data-id=\"1160\" src=\"https:\/\/lan.ba\/udruzenjegradjanalan\/wp-content\/uploads\/2019\/09\/20190920_102722-1024x768.jpg\" alt=\"\" class=\"wp-image-1160\" srcset=\"https:\/\/lan.ba\/udruzenjegradjanalan\/wp-content\/uploads\/2019\/09\/20190920_102722-1024x768.jpg 1024w, https:\/\/lan.ba\/udruzenjegradjanalan\/wp-content\/uploads\/2019\/09\/20190920_102722-300x225.jpg 300w, https:\/\/lan.ba\/udruzenjegradjanalan\/wp-content\/uploads\/2019\/09\/20190920_102722-768x576.jpg 768w\" sizes=\"auto, (max-width: 1024px) 100vw, 1024px\" \/><\/figure>\n\n\n\n<figure class=\"wp-block-image size-large\"><img loading=\"lazy\" decoding=\"async\" width=\"1024\" height=\"768\" data-id=\"1163\" src=\"https:\/\/lan.ba\/udruzenjegradjanalan\/wp-content\/uploads\/2019\/09\/20190920_103449-1024x768.jpg\" alt=\"\" class=\"wp-image-1163\" srcset=\"https:\/\/lan.ba\/udruzenjegradjanalan\/wp-content\/uploads\/2019\/09\/20190920_103449-1024x768.jpg 1024w, https:\/\/lan.ba\/udruzenjegradjanalan\/wp-content\/uploads\/2019\/09\/20190920_103449-300x225.jpg 300w, https:\/\/lan.ba\/udruzenjegradjanalan\/wp-content\/uploads\/2019\/09\/20190920_103449-768x576.jpg 768w\" sizes=\"auto, (max-width: 1024px) 100vw, 1024px\" \/><\/figure>\n\n\n\n<figure class=\"wp-block-image size-large\"><img loading=\"lazy\" decoding=\"async\" width=\"1024\" height=\"768\" data-id=\"1164\" src=\"https:\/\/lan.ba\/udruzenjegradjanalan\/wp-content\/uploads\/2019\/09\/20190920_113548-1024x768.jpg\" alt=\"\" class=\"wp-image-1164\" srcset=\"https:\/\/lan.ba\/udruzenjegradjanalan\/wp-content\/uploads\/2019\/09\/20190920_113548-1024x768.jpg 1024w, https:\/\/lan.ba\/udruzenjegradjanalan\/wp-content\/uploads\/2019\/09\/20190920_113548-300x225.jpg 300w, https:\/\/lan.ba\/udruzenjegradjanalan\/wp-content\/uploads\/2019\/09\/20190920_113548-768x576.jpg 768w\" sizes=\"auto, (max-width: 1024px) 100vw, 1024px\" \/><\/figure>\n\n\n\n<figure class=\"wp-block-image size-large\"><img loading=\"lazy\" decoding=\"async\" width=\"1024\" height=\"768\" data-id=\"1175\" src=\"https:\/\/lan.ba\/udruzenjegradjanalan\/wp-content\/uploads\/2019\/09\/20190920_115211-1024x768.jpg\" alt=\"\" class=\"wp-image-1175\" srcset=\"https:\/\/lan.ba\/udruzenjegradjanalan\/wp-content\/uploads\/2019\/09\/20190920_115211-1024x768.jpg 1024w, https:\/\/lan.ba\/udruzenjegradjanalan\/wp-content\/uploads\/2019\/09\/20190920_115211-300x225.jpg 300w, https:\/\/lan.ba\/udruzenjegradjanalan\/wp-content\/uploads\/2019\/09\/20190920_115211-768x576.jpg 768w\" sizes=\"auto, (max-width: 1024px) 100vw, 1024px\" \/><\/figure>\n\n\n\n<figure class=\"wp-block-image size-large\"><img loading=\"lazy\" decoding=\"async\" width=\"1024\" height=\"768\" data-id=\"1176\" src=\"https:\/\/lan.ba\/udruzenjegradjanalan\/wp-content\/uploads\/2019\/09\/20190920_115330-1024x768.jpg\" alt=\"\" class=\"wp-image-1176\" srcset=\"https:\/\/lan.ba\/udruzenjegradjanalan\/wp-content\/uploads\/2019\/09\/20190920_115330-1024x768.jpg 1024w, https:\/\/lan.ba\/udruzenjegradjanalan\/wp-content\/uploads\/2019\/09\/20190920_115330-300x225.jpg 300w, https:\/\/lan.ba\/udruzenjegradjanalan\/wp-content\/uploads\/2019\/09\/20190920_115330-768x576.jpg 768w\" sizes=\"auto, (max-width: 1024px) 100vw, 1024px\" \/><\/figure>\n\n\n\n<figure class=\"wp-block-image size-large\"><img loading=\"lazy\" decoding=\"async\" width=\"1024\" height=\"768\" data-id=\"1177\" src=\"https:\/\/lan.ba\/udruzenjegradjanalan\/wp-content\/uploads\/2019\/09\/20190920_115346-1024x768.jpg\" alt=\"\" class=\"wp-image-1177\" srcset=\"https:\/\/lan.ba\/udruzenjegradjanalan\/wp-content\/uploads\/2019\/09\/20190920_115346-1024x768.jpg 1024w, https:\/\/lan.ba\/udruzenjegradjanalan\/wp-content\/uploads\/2019\/09\/20190920_115346-300x225.jpg 300w, https:\/\/lan.ba\/udruzenjegradjanalan\/wp-content\/uploads\/2019\/09\/20190920_115346-768x576.jpg 768w\" sizes=\"auto, (max-width: 1024px) 100vw, 1024px\" \/><\/figure>\n\n\n\n<figure class=\"wp-block-image size-large\"><img loading=\"lazy\" decoding=\"async\" width=\"1024\" height=\"768\" data-id=\"1187\" src=\"https:\/\/lan.ba\/udruzenjegradjanalan\/wp-content\/uploads\/2019\/09\/20190920_120006-1024x768.jpg\" alt=\"\" class=\"wp-image-1187\" srcset=\"https:\/\/lan.ba\/udruzenjegradjanalan\/wp-content\/uploads\/2019\/09\/20190920_120006-1024x768.jpg 1024w, https:\/\/lan.ba\/udruzenjegradjanalan\/wp-content\/uploads\/2019\/09\/20190920_120006-300x225.jpg 300w, https:\/\/lan.ba\/udruzenjegradjanalan\/wp-content\/uploads\/2019\/09\/20190920_120006-768x576.jpg 768w\" sizes=\"auto, (max-width: 1024px) 100vw, 1024px\" \/><\/figure>\n\n\n\n<figure class=\"wp-block-image size-large\"><img loading=\"lazy\" decoding=\"async\" width=\"1024\" height=\"768\" data-id=\"1201\" src=\"https:\/\/lan.ba\/udruzenjegradjanalan\/wp-content\/uploads\/2019\/09\/20190920_120642-1024x768.jpg\" alt=\"\" class=\"wp-image-1201\" srcset=\"https:\/\/lan.ba\/udruzenjegradjanalan\/wp-content\/uploads\/2019\/09\/20190920_120642-1024x768.jpg 1024w, https:\/\/lan.ba\/udruzenjegradjanalan\/wp-content\/uploads\/2019\/09\/20190920_120642-300x225.jpg 300w, https:\/\/lan.ba\/udruzenjegradjanalan\/wp-content\/uploads\/2019\/09\/20190920_120642-768x576.jpg 768w\" sizes=\"auto, (max-width: 1024px) 100vw, 1024px\" \/><\/figure>\n\n\n\n<figure class=\"wp-block-image size-large\"><img decoding=\"async\" data-id=\"1205\" src=\"https:\/\/lan.ba\/udruzenjegradjanalan\/wp-content\/uploads\/2019\/09\/20190920_120733-1024x768.jpg\" alt=\"\" class=\"wp-image-1205\"\/><\/figure>\n\n\n\n<figure class=\"wp-block-image size-large\"><img loading=\"lazy\" decoding=\"async\" width=\"1024\" height=\"768\" data-id=\"1206\" src=\"https:\/\/lan.ba\/udruzenjegradjanalan\/wp-content\/uploads\/2019\/09\/20190920_120741-1024x768.jpg\" alt=\"\" class=\"wp-image-1206\" srcset=\"https:\/\/lan.ba\/udruzenjegradjanalan\/wp-content\/uploads\/2019\/09\/20190920_120741-1024x768.jpg 1024w, https:\/\/lan.ba\/udruzenjegradjanalan\/wp-content\/uploads\/2019\/09\/20190920_120741-300x225.jpg 300w, https:\/\/lan.ba\/udruzenjegradjanalan\/wp-content\/uploads\/2019\/09\/20190920_120741-768x576.jpg 768w\" sizes=\"auto, (max-width: 1024px) 100vw, 1024px\" \/><\/figure>\n\n\n\n<figure class=\"wp-block-image size-large\"><img loading=\"lazy\" decoding=\"async\" width=\"1024\" height=\"768\" data-id=\"1210\" src=\"https:\/\/lan.ba\/udruzenjegradjanalan\/wp-content\/uploads\/2019\/09\/20190920_122048-1024x768.jpg\" alt=\"\" class=\"wp-image-1210\" srcset=\"https:\/\/lan.ba\/udruzenjegradjanalan\/wp-content\/uploads\/2019\/09\/20190920_122048-1024x768.jpg 1024w, https:\/\/lan.ba\/udruzenjegradjanalan\/wp-content\/uploads\/2019\/09\/20190920_122048-300x225.jpg 300w, https:\/\/lan.ba\/udruzenjegradjanalan\/wp-content\/uploads\/2019\/09\/20190920_122048-768x576.jpg 768w\" sizes=\"auto, (max-width: 1024px) 100vw, 1024px\" \/><\/figure>\n\n\n\n<figure class=\"wp-block-image size-large\"><img loading=\"lazy\" decoding=\"async\" width=\"768\" height=\"1024\" data-id=\"1215\" src=\"https:\/\/lan.ba\/udruzenjegradjanalan\/wp-content\/uploads\/2019\/09\/IMG-3e24550446e02743928345b8948e1908-V-768x1024.jpg\" alt=\"\" class=\"wp-image-1215\" srcset=\"https:\/\/lan.ba\/udruzenjegradjanalan\/wp-content\/uploads\/2019\/09\/IMG-3e24550446e02743928345b8948e1908-V-768x1024.jpg 768w, https:\/\/lan.ba\/udruzenjegradjanalan\/wp-content\/uploads\/2019\/09\/IMG-3e24550446e02743928345b8948e1908-V-225x300.jpg 225w, https:\/\/lan.ba\/udruzenjegradjanalan\/wp-content\/uploads\/2019\/09\/IMG-3e24550446e02743928345b8948e1908-V.jpg 960w\" sizes=\"auto, (max-width: 768px) 100vw, 768px\" \/><\/figure>\n\n\n\n<figure class=\"wp-block-image size-large\"><img loading=\"lazy\" decoding=\"async\" width=\"768\" height=\"1024\" data-id=\"1219\" src=\"https:\/\/lan.ba\/udruzenjegradjanalan\/wp-content\/uploads\/2019\/09\/IMG-98a357264af309044f2e952997864116-V-768x1024.jpg\" alt=\"\" class=\"wp-image-1219\" srcset=\"https:\/\/lan.ba\/udruzenjegradjanalan\/wp-content\/uploads\/2019\/09\/IMG-98a357264af309044f2e952997864116-V-768x1024.jpg 768w, https:\/\/lan.ba\/udruzenjegradjanalan\/wp-content\/uploads\/2019\/09\/IMG-98a357264af309044f2e952997864116-V-225x300.jpg 225w, https:\/\/lan.ba\/udruzenjegradjanalan\/wp-content\/uploads\/2019\/09\/IMG-98a357264af309044f2e952997864116-V.jpg 960w\" sizes=\"auto, (max-width: 768px) 100vw, 768px\" \/><\/figure>\n\n\n\n<figure class=\"wp-block-image size-large\"><img loading=\"lazy\" decoding=\"async\" width=\"768\" height=\"1024\" data-id=\"1220\" src=\"https:\/\/lan.ba\/udruzenjegradjanalan\/wp-content\/uploads\/2019\/09\/IMG-432ed85ddd3c924338eb55fd3fb03899-V-768x1024.jpg\" alt=\"\" class=\"wp-image-1220\" srcset=\"https:\/\/lan.ba\/udruzenjegradjanalan\/wp-content\/uploads\/2019\/09\/IMG-432ed85ddd3c924338eb55fd3fb03899-V-768x1024.jpg 768w, https:\/\/lan.ba\/udruzenjegradjanalan\/wp-content\/uploads\/2019\/09\/IMG-432ed85ddd3c924338eb55fd3fb03899-V-225x300.jpg 225w, https:\/\/lan.ba\/udruzenjegradjanalan\/wp-content\/uploads\/2019\/09\/IMG-432ed85ddd3c924338eb55fd3fb03899-V.jpg 960w\" sizes=\"auto, (max-width: 768px) 100vw, 768px\" \/><\/figure>\n\n\n\n<figure class=\"wp-block-image size-large\"><img loading=\"lazy\" decoding=\"async\" width=\"768\" height=\"1024\" data-id=\"1230\" src=\"https:\/\/lan.ba\/udruzenjegradjanalan\/wp-content\/uploads\/2019\/09\/IMG-bd3d8def1d7a477ae84a210cbe0cc2a7-V-768x1024.jpg\" alt=\"\" class=\"wp-image-1230\" srcset=\"https:\/\/lan.ba\/udruzenjegradjanalan\/wp-content\/uploads\/2019\/09\/IMG-bd3d8def1d7a477ae84a210cbe0cc2a7-V-768x1024.jpg 768w, https:\/\/lan.ba\/udruzenjegradjanalan\/wp-content\/uploads\/2019\/09\/IMG-bd3d8def1d7a477ae84a210cbe0cc2a7-V-225x300.jpg 225w, https:\/\/lan.ba\/udruzenjegradjanalan\/wp-content\/uploads\/2019\/09\/IMG-bd3d8def1d7a477ae84a210cbe0cc2a7-V.jpg 960w\" sizes=\"auto, (max-width: 768px) 100vw, 768px\" \/><\/figure>\n<\/figure>\n\n\n\n<p>U okviru&nbsp;\nprojekta \u201eAktivizam civilnog sektora za pomirenje u regionu biv\u0161e\nJugoslavije&nbsp; &#8211; podr\u0161ka REKOM-u\u201c Udru\u017eenje\n\u201eLan\u201d iz Biha\u0107a, realizira projekt \u201eZajedno mo\u017eemo vi\u0161e\u201d. Partneri u provo\u0111enju\nprojekta su dvije srednje \u0161kole iz Unsko-sanskog kantona: JU Mje\u0161ovita srednja\n\u0161kola Biha\u0107 i JU Mje\u0161ovita srednja \u0161kola Bosanski Petrovac. Op\u0107i cilj projekta je\ndoprinijeti boljem razumijevanju razli\u010ditosti me\u0111u ljudima, njihovom\nprihvatanju i uva\u017eavanju. Specifi\u010dni cilj je promoviranje interkultularizma u\n\u0161kolskom okru\u017eenju i lokalnoj zajednici, kroz niz razli\u010ditih aktivnosti koje\nrealiziraju u\u010denice\/u\u010denici i nastavnice\/nastavnici \u0161kola uklju\u010denih u projekt.\nJedna od planiranih i realiziranih aktivnosti je promoviranje zajedni\u010dkog\n\u017eivota, tolerancije, ljudskih prava i sloboda kroz uli\u010dne akcije organizirane\npovodom 21. septembra &#8211; Me\u0111unarodnog dana mira.<\/p>\n\n\n\n<p>U petak, 20. septembra, nakon obimnih\npriprema, &nbsp;u\u010denice\/u\u010denici dviju \u0161kola, u\npratnji svojih profesorica\/profesora, dijelili su letke o projektu i poruke\nmira povodom Me\u0111unarodnog dana mira. U majicama s prepoznatljivim znakom\nprojekta \u201eAktivizam\ncivilnog sektora za pomirenje u regionu biv\u0161e Jugoslavije&nbsp; &#8211; podr\u0161ka REKOM-u\u201c razgovarali su s\ngra\u0111ankama i gra\u0111anima i \u010destitali im Me\u0111unarodni dan mira. <\/p>\n\n\n\n<p>U Bosanskom Petrovcu su s porukama mira posjetili\ni dje\u010diji vrti\u0107 i osnovnu \u0161kolu, u \u017eelji da poruke mira prenesu najmla\u0111ima. U\nBiha\u0107u su poruke mira ostavili na drvetu mira u dvori\u0161tu JU Mje\u0161ovita srednja\n\u0161kola Biha\u0107, zasa\u0111enom pro\u0161le godine, povodom Me\u0111unarodnog dana mira. Tako su svoju\nakciju povezali s nastojanjima djece i mladih \u0161irom svijeta koji ovih dana\norganiziraju manifestacije kojima \u017eele osvijestiti svijet o zna\u010daju o\u010duvanja\nna\u0161e prirodne sredine i ekolo\u0161ke raznolikosti. U oba grada uspjeli su izmamiti\nosmijehe na licima prolaznika i podsjetiti ih na zna\u010daj mira, razumijevanja i\nsolidarnosti me\u0111u ljudima. Po zavr\u0161etku akcije malo su se opustili uz\nzajedni\u010dko dru\u017eenje i osvje\u017eenje. Sve je proteklo u vedroj i optimisti\u010dnoj\natmosferi.<\/p>\n\n\n\n<p>Udru\u017eenje \u201eLan\u201c izra\u017eava zahvalnost\nu\u010denicama\/u\u010denicama, profesoricama\/profesorima i direktorima JU Mje\u0161ovita\nsrednja \u0161kola Biha\u0107 i JU Mje\u0161ovita srednja \u0161kola Bosanski Petrovac, za njihov\ndoprinos uspje\u0161no realiziranim aktivnostima. Zajedno mo\u017eemo vi\u0161e!<\/p>\n","protected":false},"excerpt":{"rendered":"<p>U okviru&nbsp; projekta \u201eAktivizam civilnog sektora za pomirenje u regionu biv\u0161e Jugoslavije&nbsp; &#8211; podr\u0161ka REKOM-u\u201c Udru\u017eenje \u201eLan\u201d iz Biha\u0107a, realizira projekt \u201eZajedno mo\u017eemo vi\u0161e\u201d. Partneri u provo\u0111enju projekta su dvije srednje \u0161kole iz Unsko-sanskog kantona: JU Mje\u0161ovita srednja \u0161kola Biha\u0107 i JU Mje\u0161ovita srednja \u0161kola Bosanski Petrovac. Op\u0107i cilj projekta je doprinijeti boljem razumijevanju razli\u010ditosti [&hellip;]<\/p>\n","protected":false},"author":3,"featured_media":0,"comment_status":"closed","ping_status":"closed","sticky":false,"template":"","format":"standard","meta":{"footnotes":""},"categories":[32],"tags":[],"class_list":{"0":"post-1156","1":"post","2":"type-post","3":"status-publish","4":"format-standard","6":"category-zajedno-mozemo-vise","7":"czr-hentry"},"_links":{"self":[{"href":"https:\/\/lan.ba\/udruzenjegradjanalan\/wp-json\/wp\/v2\/posts\/1156","targetHints":{"allow":["GET"]}}],"collection":[{"href":"https:\/\/lan.ba\/udruzenjegradjanalan\/wp-json\/wp\/v2\/posts"}],"about":[{"href":"https:\/\/lan.ba\/udruzenjegradjanalan\/wp-json\/wp\/v2\/types\/post"}],"author":[{"embeddable":true,"href":"https:\/\/lan.ba\/udruzenjegradjanalan\/wp-json\/wp\/v2\/users\/3"}],"replies":[{"embeddable":true,"href":"https:\/\/lan.ba\/udruzenjegradjanalan\/wp-json\/wp\/v2\/comments?post=1156"}],"version-history":[{"count":4,"href":"https:\/\/lan.ba\/udruzenjegradjanalan\/wp-json\/wp\/v2\/posts\/1156\/revisions"}],"predecessor-version":[{"id":9045,"href":"https:\/\/lan.ba\/udruzenjegradjanalan\/wp-json\/wp\/v2\/posts\/1156\/revisions\/9045"}],"wp:attachment":[{"href":"https:\/\/lan.ba\/udruzenjegradjanalan\/wp-json\/wp\/v2\/media?parent=1156"}],"wp:term":[{"taxonomy":"category","embeddable":true,"href":"https:\/\/lan.ba\/udruzenjegradjanalan\/wp-json\/wp\/v2\/categories?post=1156"},{"taxonomy":"post_tag","embeddable":true,"href":"https:\/\/lan.ba\/udruzenjegradjanalan\/wp-json\/wp\/v2\/tags?post=1156"}],"curies":[{"name":"wp","href":"https:\/\/api.w.org\/{rel}","templated":true}]}}