{"id":121,"date":"2019-02-02T12:13:51","date_gmt":"2019-02-02T11:13:51","guid":{"rendered":"http:\/\/lan.ba\/?p=121"},"modified":"2022-05-23T18:10:35","modified_gmt":"2022-05-23T17:10:35","slug":"ostajem-u-skoli","status":"publish","type":"post","link":"https:\/\/lan.ba\/udruzenjegradjanalan\/2019\/02\/02\/ostajem-u-skoli\/","title":{"rendered":"OSTAJEM U \u0160KOLI"},"content":{"rendered":"\n<div class=\"wp-block-file\"><a href=\"https:\/\/lan.ba\/udruzenjegradjanalan\/wp-content\/uploads\/2019\/02\/obavijest.docx\">obavijest<\/a><a href=\"https:\/\/lan.ba\/udruzenjegradjanalan\/wp-content\/uploads\/2019\/02\/obavijest.docx\" class=\"wp-block-file__button\" download>Preuzmi<\/a><\/div>\n\n\n\n<p><\/p>\n\n\n<p><img loading=\"lazy\" decoding=\"async\" width=\"494\" height=\"102\" class=\"wp-image-123\" src=\"https:\/\/lan.ba\/udruzenjegradjanalan\/wp-content\/uploads\/2019\/02\/c-users-hp-downloads-index-png.png\" alt=\"C:\\Users\\HP\\Downloads\\index.png\" srcset=\"https:\/\/lan.ba\/udruzenjegradjanalan\/wp-content\/uploads\/2019\/02\/c-users-hp-downloads-index-png.png 494w, https:\/\/lan.ba\/udruzenjegradjanalan\/wp-content\/uploads\/2019\/02\/c-users-hp-downloads-index-png-300x62.png 300w\" sizes=\"auto, (max-width: 494px) 100vw, 494px\" \/> <img loading=\"lazy\" decoding=\"async\" width=\"296\" height=\"221\" class=\"wp-image-124\" src=\"https:\/\/lan.ba\/udruzenjegradjanalan\/wp-content\/uploads\/2019\/02\/word-image.png\" \/><\/p>\n<p><img loading=\"lazy\" decoding=\"async\" width=\"274\" height=\"110\" class=\"wp-image-125\" src=\"https:\/\/lan.ba\/udruzenjegradjanalan\/wp-content\/uploads\/2019\/02\/back-home.jpeg\" alt=\"Back Home\" \/><\/p>\n<p>OSTAJEM U \u0160KOLI<\/p>\n<p>U okviru projekta \u201eBright4All-Osnovno pravo na obrazovanje za svu djecu u Bosni i Hercegovini\u201c koji finansira Evropska unija, implementira Save the Children u suradnji s partnerskim organizacijama Udru\u017eenje \u017dene sa Une Biha\u0107 i Omladinski centar \u201eVermont\u201c Br\u010dko, Udru\u017eenje \u201eLAN\u201c je potpisalo ugovor za realizaciju projekta Ostajem u \u0161koli. Projekat \u0107e se realizirati u osam osnovnih \u0161kola grada Biha\u0107a i usmjeren je na osiguravanje pristupa inovativnim uslugama za djecu koja se nalaze u riziku od napu\u0161tanja obrazovanja. Korisnici projekta su u\u010denici, roditelji i nastavnici iz osam osnovnih \u0161kola grada Biha\u0107a. Krajnji cilj projekta je doprinijeti odr\u017eivoj socijalnoj inkluziji djece koja su u riziku da napuste ili su napustila odgojno-obrazovni proces u gradu Biha\u0107u.<\/p>\n<p><img loading=\"lazy\" decoding=\"async\" width=\"348\" height=\"194\" class=\"wp-image-126\" src=\"https:\/\/lan.ba\/udruzenjegradjanalan\/wp-content\/uploads\/2019\/02\/c-users-izolda-desktop-zene-sa-une-png.png\" alt=\"C:\\Users\\izolda\\Desktop\\zene-sa-une.png\" srcset=\"https:\/\/lan.ba\/udruzenjegradjanalan\/wp-content\/uploads\/2019\/02\/c-users-izolda-desktop-zene-sa-une-png.png 348w, https:\/\/lan.ba\/udruzenjegradjanalan\/wp-content\/uploads\/2019\/02\/c-users-izolda-desktop-zene-sa-une-png-300x167.png 300w\" sizes=\"auto, (max-width: 348px) 100vw, 348px\" \/> <img loading=\"lazy\" decoding=\"async\" width=\"221\" height=\"260\" class=\"wp-image-127\" src=\"https:\/\/lan.ba\/udruzenjegradjanalan\/wp-content\/uploads\/2019\/02\/c-users-izolda-desktop-vermont-jpg.jpeg\" alt=\"C:\\Users\\izolda\\Desktop\\vermont.jpg\" \/><\/p>\n<p><img loading=\"lazy\" decoding=\"async\" width=\"368\" height=\"246\" class=\"wp-image-128\" src=\"https:\/\/lan.ba\/udruzenjegradjanalan\/wp-content\/uploads\/2019\/02\/c-users-izolda-appdata-local-temp-rardollardia3200-361.jpeg\" alt=\"C:\\Users\\izolda\\AppData\\Local\\Temp\\Rar$DIa3200.36161\\11\" srcset=\"https:\/\/lan.ba\/udruzenjegradjanalan\/wp-content\/uploads\/2019\/02\/c-users-izolda-appdata-local-temp-rardollardia3200-361.jpeg 368w, https:\/\/lan.ba\/udruzenjegradjanalan\/wp-content\/uploads\/2019\/02\/c-users-izolda-appdata-local-temp-rardollardia3200-361-300x201.jpeg 300w\" sizes=\"auto, (max-width: 368px) 100vw, 368px\" \/> <img decoding=\"async\" class=\"wp-image-129\" src=\"https:\/\/lan.ba\/udruzenjegradjanalan\/wp-content\/uploads\/2019\/02\/c-users-izolda-appdata-local-temp-rardollardia3200-265.jpeg\" alt=\"C:\\Users\\izolda\\AppData\\Local\\Temp\\Rar$DIa3200.26550\\8\" \/><\/p>\n<p>\u00a0<\/p>\n<p>\u00a0<\/p>","protected":false},"excerpt":{"rendered":"<p>U okviru projekta \u201eBright4All-Osnovno pravo na obrazovanje za svu djecu u Bosni i Hercegovini\u201c koji finansira Evropska unija, implementira Save the Children u suradnji s partnerskim organizacijama&#8230;<\/p>\n","protected":false},"author":1,"featured_media":128,"comment_status":"open","ping_status":"open","sticky":false,"template":"","format":"standard","meta":{"footnotes":""},"categories":[33],"tags":[],"class_list":{"0":"post-121","1":"post","2":"type-post","3":"status-publish","4":"format-standard","5":"has-post-thumbnail","7":"category-ostajem-u-skoli","8":"czr-hentry"},"_links":{"self":[{"href":"https:\/\/lan.ba\/udruzenjegradjanalan\/wp-json\/wp\/v2\/posts\/121","targetHints":{"allow":["GET"]}}],"collection":[{"href":"https:\/\/lan.ba\/udruzenjegradjanalan\/wp-json\/wp\/v2\/posts"}],"about":[{"href":"https:\/\/lan.ba\/udruzenjegradjanalan\/wp-json\/wp\/v2\/types\/post"}],"author":[{"embeddable":true,"href":"https:\/\/lan.ba\/udruzenjegradjanalan\/wp-json\/wp\/v2\/users\/1"}],"replies":[{"embeddable":true,"href":"https:\/\/lan.ba\/udruzenjegradjanalan\/wp-json\/wp\/v2\/comments?post=121"}],"version-history":[{"count":2,"href":"https:\/\/lan.ba\/udruzenjegradjanalan\/wp-json\/wp\/v2\/posts\/121\/revisions"}],"predecessor-version":[{"id":131,"href":"https:\/\/lan.ba\/udruzenjegradjanalan\/wp-json\/wp\/v2\/posts\/121\/revisions\/131"}],"wp:featuredmedia":[{"embeddable":true,"href":"https:\/\/lan.ba\/udruzenjegradjanalan\/wp-json\/wp\/v2\/media\/128"}],"wp:attachment":[{"href":"https:\/\/lan.ba\/udruzenjegradjanalan\/wp-json\/wp\/v2\/media?parent=121"}],"wp:term":[{"taxonomy":"category","embeddable":true,"href":"https:\/\/lan.ba\/udruzenjegradjanalan\/wp-json\/wp\/v2\/categories?post=121"},{"taxonomy":"post_tag","embeddable":true,"href":"https:\/\/lan.ba\/udruzenjegradjanalan\/wp-json\/wp\/v2\/tags?post=121"}],"curies":[{"name":"wp","href":"https:\/\/api.w.org\/{rel}","templated":true}]}}