{"id":1255,"date":"2019-09-25T16:07:38","date_gmt":"2019-09-25T15:07:38","guid":{"rendered":"http:\/\/lan.ba\/?p=1255"},"modified":"2025-07-08T16:02:21","modified_gmt":"2025-07-08T15:02:21","slug":"clanice-udruzenja-lan-prisustvovale-otvaranju-izlozbe-romi-na-marginama","status":"publish","type":"post","link":"https:\/\/lan.ba\/udruzenjegradjanalan\/2019\/09\/25\/clanice-udruzenja-lan-prisustvovale-otvaranju-izlozbe-romi-na-marginama\/","title":{"rendered":"\u010clanice Udru\u017eenja Lan prisustvovale otvaranju izlo\u017ebe &#8220;Romi na marginama&#8221;"},"content":{"rendered":"\n<p> Danas su \u010dlanice Udru\u017eenja Lan u  JU Kulturni centar prisustvovale otvaranju izlo\u017ebe \u201cRomi na marginama\u201c a u organizaciji Misije OSCE u Bosni i Hercegovini. Sama izlo\u017eba promovira multikulturalizam, te ukazuje na razli\u010dite kulturne vrijednosti koje su dio \u0161arolikosti bosanskohercegova\u010dkog dru\u0161tva. Ovo je pri\u010da o dijelu nas koji se jo\u0161 uvijek bori za svoja prava i u toj borbi na\u017ealost suo\u010dava se s nizom pote\u0161ko\u0107a. <\/p>\n\n\n\n<figure class=\"wp-block-gallery has-nested-images columns-default is-cropped wp-block-gallery-1 is-layout-flex wp-block-gallery-is-layout-flex\">\n<figure class=\"wp-block-image size-large\"><img loading=\"lazy\" decoding=\"async\" width=\"720\" height=\"960\" data-id=\"1262\" src=\"https:\/\/lan.ba\/udruzenjegradjanalan\/wp-content\/uploads\/2019\/09\/70878997_242602969998120_1496381152980631552_n.jpg\" alt=\"\" class=\"wp-image-1262\" srcset=\"https:\/\/lan.ba\/udruzenjegradjanalan\/wp-content\/uploads\/2019\/09\/70878997_242602969998120_1496381152980631552_n.jpg 720w, https:\/\/lan.ba\/udruzenjegradjanalan\/wp-content\/uploads\/2019\/09\/70878997_242602969998120_1496381152980631552_n-225x300.jpg 225w\" sizes=\"auto, (max-width: 720px) 100vw, 720px\" \/><\/figure>\n\n\n\n<figure class=\"wp-block-image size-large\"><img loading=\"lazy\" decoding=\"async\" width=\"720\" height=\"960\" data-id=\"1265\" src=\"https:\/\/lan.ba\/udruzenjegradjanalan\/wp-content\/uploads\/2019\/09\/71139934_242602886664795_3240423851259068416_n.jpg\" alt=\"\" class=\"wp-image-1265\" srcset=\"https:\/\/lan.ba\/udruzenjegradjanalan\/wp-content\/uploads\/2019\/09\/71139934_242602886664795_3240423851259068416_n.jpg 720w, https:\/\/lan.ba\/udruzenjegradjanalan\/wp-content\/uploads\/2019\/09\/71139934_242602886664795_3240423851259068416_n-225x300.jpg 225w\" sizes=\"auto, (max-width: 720px) 100vw, 720px\" \/><\/figure>\n<\/figure>\n","protected":false},"excerpt":{"rendered":"<p>Danas su \u010dlanice Udru\u017eenja Lan u JU Kulturni centar prisustvovale otvaranju izlo\u017ebe \u201cRomi na marginama\u201c a u organizaciji Misije OSCE u Bosni i Hercegovini. Sama izlo\u017eba promovira multikulturalizam, te ukazuje na razli\u010dite kulturne vrijednosti koje su dio \u0161arolikosti bosanskohercegova\u010dkog dru\u0161tva. Ovo je pri\u010da o dijelu nas koji se jo\u0161 uvijek bori za svoja prava i [&hellip;]<\/p>\n","protected":false},"author":3,"featured_media":0,"comment_status":"closed","ping_status":"closed","sticky":false,"template":"","format":"standard","meta":{"footnotes":""},"categories":[25],"tags":[],"class_list":{"0":"post-1255","1":"post","2":"type-post","3":"status-publish","4":"format-standard","6":"category-aktivnosti-udruzenja","7":"czr-hentry"},"_links":{"self":[{"href":"https:\/\/lan.ba\/udruzenjegradjanalan\/wp-json\/wp\/v2\/posts\/1255","targetHints":{"allow":["GET"]}}],"collection":[{"href":"https:\/\/lan.ba\/udruzenjegradjanalan\/wp-json\/wp\/v2\/posts"}],"about":[{"href":"https:\/\/lan.ba\/udruzenjegradjanalan\/wp-json\/wp\/v2\/types\/post"}],"author":[{"embeddable":true,"href":"https:\/\/lan.ba\/udruzenjegradjanalan\/wp-json\/wp\/v2\/users\/3"}],"replies":[{"embeddable":true,"href":"https:\/\/lan.ba\/udruzenjegradjanalan\/wp-json\/wp\/v2\/comments?post=1255"}],"version-history":[{"count":4,"href":"https:\/\/lan.ba\/udruzenjegradjanalan\/wp-json\/wp\/v2\/posts\/1255\/revisions"}],"predecessor-version":[{"id":9048,"href":"https:\/\/lan.ba\/udruzenjegradjanalan\/wp-json\/wp\/v2\/posts\/1255\/revisions\/9048"}],"wp:attachment":[{"href":"https:\/\/lan.ba\/udruzenjegradjanalan\/wp-json\/wp\/v2\/media?parent=1255"}],"wp:term":[{"taxonomy":"category","embeddable":true,"href":"https:\/\/lan.ba\/udruzenjegradjanalan\/wp-json\/wp\/v2\/categories?post=1255"},{"taxonomy":"post_tag","embeddable":true,"href":"https:\/\/lan.ba\/udruzenjegradjanalan\/wp-json\/wp\/v2\/tags?post=1255"}],"curies":[{"name":"wp","href":"https:\/\/api.w.org\/{rel}","templated":true}]}}