{"id":3745,"date":"2020-05-26T15:10:39","date_gmt":"2020-05-26T14:10:39","guid":{"rendered":"http:\/\/lan.ba\/?p=3745"},"modified":"2025-07-08T16:35:23","modified_gmt":"2025-07-08T15:35:23","slug":"udruzenje-lan-iz-bihaca-realiziralo-radionice-u-okviru-projekta-medijska-pismenost-kljucna-kompetencija-za-zivot-u-21-stoljecu","status":"publish","type":"post","link":"https:\/\/lan.ba\/udruzenjegradjanalan\/2020\/05\/26\/udruzenje-lan-iz-bihaca-realiziralo-radionice-u-okviru-projekta-medijska-pismenost-kljucna-kompetencija-za-zivot-u-21-stoljecu\/","title":{"rendered":"Udru\u017eenje Lan iz Biha\u0107a realiziralo radionice u okviru projekta &#8220;Medijska pismenost &#8211; klju\u010dna kompetencija za \u017eivot u 21. stolje\u0107u&#8221;"},"content":{"rendered":"\n<figure class=\"wp-block-embed is-type-wp-embed is-provider-udruzenje-mreza-za-izgradnju-mira wp-block-embed-udruzenje-mreza-za-izgradnju-mira is-provider-mreza-za-izgradnju-mira\"><div class=\"wp-block-embed__wrapper\">\n<blockquote class=\"wp-embedded-content\" data-secret=\"jVcKoGqivH\"><a href=\"https:\/\/www.mreza-mira.net\/vijesti\/aktivnosti-mreze\/udruzenje-lan-iz-bihaca-realiziralo-radionice-medijska-pismenost-kljucna-kompetencija-za-zivot-u-21-stoljecu\/\">Udru\u017eenje Lan iz Biha\u0107a realiziralo radionice &#8220;Medijska pismenost \u2013 klju\u010dna kompetencija za \u017eivot u 21. stolje\u0107u\u201c<\/a><\/blockquote><iframe loading=\"lazy\" title=\"&#8220;Udru\u017eenje Lan iz Biha\u0107a realiziralo radionice &#8220;Medijska pismenost \u2013 klju\u010dna kompetencija za \u017eivot u 21. stolje\u0107u\u201c&#8221; &#8212; Mre\u017ea za izgradnju mira\" class=\"wp-embedded-content\" sandbox=\"allow-scripts\" security=\"restricted\" style=\"position: absolute; clip: rect(1px, 1px, 1px, 1px);\" src=\"https:\/\/www.mreza-mira.net\/vijesti\/aktivnosti-mreze\/udruzenje-lan-iz-bihaca-realiziralo-radionice-medijska-pismenost-kljucna-kompetencija-za-zivot-u-21-stoljecu\/embed\/#?secret=jVcKoGqivH\" data-secret=\"jVcKoGqivH\" width=\"600\" height=\"338\" frameborder=\"0\" marginwidth=\"0\" marginheight=\"0\" scrolling=\"no\"><\/iframe>\n<\/div><\/figure>\n\n\n\n<figure class=\"wp-block-gallery has-nested-images columns-default is-cropped wp-block-gallery-1 is-layout-flex wp-block-gallery-is-layout-flex\">\n<figure class=\"wp-block-image\"><img loading=\"lazy\" decoding=\"async\" width=\"290\" height=\"174\" data-id=\"3746\" src=\"https:\/\/lan.ba\/udruzenjegradjanalan\/wp-content\/uploads\/2020\/05\/download.png\" alt=\"\" class=\"wp-image-3746\"\/><\/figure>\n<\/figure>\n","protected":false},"excerpt":{"rendered":"","protected":false},"author":3,"featured_media":0,"comment_status":"closed","ping_status":"closed","sticky":false,"template":"","format":"standard","meta":{"footnotes":""},"categories":[30],"tags":[],"class_list":{"0":"post-3745","1":"post","2":"type-post","3":"status-publish","4":"format-standard","6":"category-medijska-pismenost-kljucna-kompetencija-za-zivot-u-21-stoljecu","7":"czr-hentry"},"_links":{"self":[{"href":"https:\/\/lan.ba\/udruzenjegradjanalan\/wp-json\/wp\/v2\/posts\/3745","targetHints":{"allow":["GET"]}}],"collection":[{"href":"https:\/\/lan.ba\/udruzenjegradjanalan\/wp-json\/wp\/v2\/posts"}],"about":[{"href":"https:\/\/lan.ba\/udruzenjegradjanalan\/wp-json\/wp\/v2\/types\/post"}],"author":[{"embeddable":true,"href":"https:\/\/lan.ba\/udruzenjegradjanalan\/wp-json\/wp\/v2\/users\/3"}],"replies":[{"embeddable":true,"href":"https:\/\/lan.ba\/udruzenjegradjanalan\/wp-json\/wp\/v2\/comments?post=3745"}],"version-history":[{"count":2,"href":"https:\/\/lan.ba\/udruzenjegradjanalan\/wp-json\/wp\/v2\/posts\/3745\/revisions"}],"predecessor-version":[{"id":9094,"href":"https:\/\/lan.ba\/udruzenjegradjanalan\/wp-json\/wp\/v2\/posts\/3745\/revisions\/9094"}],"wp:attachment":[{"href":"https:\/\/lan.ba\/udruzenjegradjanalan\/wp-json\/wp\/v2\/media?parent=3745"}],"wp:term":[{"taxonomy":"category","embeddable":true,"href":"https:\/\/lan.ba\/udruzenjegradjanalan\/wp-json\/wp\/v2\/categories?post=3745"},{"taxonomy":"post_tag","embeddable":true,"href":"https:\/\/lan.ba\/udruzenjegradjanalan\/wp-json\/wp\/v2\/tags?post=3745"}],"curies":[{"name":"wp","href":"https:\/\/api.w.org\/{rel}","templated":true}]}}