{"id":4995,"date":"2021-04-24T17:16:37","date_gmt":"2021-04-24T16:16:37","guid":{"rendered":"http:\/\/lan.ba\/?p=4995"},"modified":"2022-05-23T17:22:53","modified_gmt":"2022-05-23T16:22:53","slug":"udruzenje-lan-iz-bihaca-realizira-novi-projekt-ranim-odgojem-i-obrazovanjem-prema-odrzivom-razvoju","status":"publish","type":"post","link":"https:\/\/lan.ba\/udruzenjegradjanalan\/2021\/04\/24\/udruzenje-lan-iz-bihaca-realizira-novi-projekt-ranim-odgojem-i-obrazovanjem-prema-odrzivom-razvoju\/","title":{"rendered":"Udru\u017eenje Lan iz Biha\u0107a realizira novi projekt \u201eRanim odgojem i obrazovanjem prema odr\u017eivom razvoju\u201c"},"content":{"rendered":"\n<p>Udru\u017eenje Lan iz Biha\u0107a realizira projekt \u201eRanim odgojem i obrazovanjem prema odr\u017eivom razvoju\u201c u okviru projekta NAGE \u2013 Networking and Advocacy for Green Economy (Umre\u017eavanje i zagovaranje za zelenu ekonomiju) koji provodi&nbsp; Mre\u017ea za ruralni razvoj u Bosni i Hercegovini. Ovaj projekt finansira Evropska unija.<\/p>\n\n\n\n<p>Projekt se realizira od 1. marta do 30. juna 2021. godine u gradu Biha\u0107u. Partneri projekta \u201cRanim odgojem i obrazovanjem prema odr\u017eivom razvoju\u201d su Katoli\u010dki \u0161kolski centar \u201cIvan Pavao II\u201d i dje\u010diji vrti\u0107i Filii i Pinokio.<\/p>\n\n\n\n<p>Pojam odr\u017eivog razvoja se naj\u010de\u0161\u0107e dovodi u vezu sa za\u0161titom \u017eivotne sredine, planiranjem dru\u0161tvenog razvoja, ekolo\u0161kim, ekonomskim i politi\u010dkim pitanjima. Odr\u017eivi razvoj spaja brigu za \u017eivi svijet na planeti Zemlji i za o\u010duvanje kapaciteta prirodnih resursa sa dru\u0161tvenim i ekolo\u0161kim izazovima koji stoje pred svakim dru\u0161tvom, dr\u017eavom i \u010dovje\u010danstvom kao cjelinom. Odr\u017eivi razvoj predstavlja proces prema postizanju ravnote\u017ee izme\u0111u ekolo\u0161kih, ekonomskih i dru\u0161tvenih faktora sa ciljem zadovoljavanja potreba sada\u0161njih i budu\u0107ih generacija. Jedino aktivni i osvije\u0161teni gra\u0111ani mogu pomo\u0107i u mijenjanju svijeta nabolje, a to najlak\u0161e posti\u017eemo odgojem i obrazovanjem.<\/p>\n\n\n\n<p>Odgoj i obrazovanje za odr\u017eivi razvoj predstavlja dug i te\u017eak proces \u010diji je cilj razvijanje kriti\u010dkog mi\u0161ljenja i sposobnosti za odgovorno pona\u0161anje. Jedna od sastavnica odgoja i obrazovanja za odr\u017eivi razvoj je odgoj i obrazovanje za za\u0161titu \u017eivotne sredine \u010diji je cilj stvaranje ekolo\u0161ki osvije\u0161tenih ljudi koji \u0107e se, kada to bude potrebno, zalagati za o\u010duvanje \u017eivotne sredine. <strong><\/strong><\/p>\n\n\n\n<p>Op\u0107i cilj projekta je razvijanje osjetljivosti i razumijevanja djece za prirodne procese i njihovu me\u0111usobnu zavisnost, izgradnja stavova i pozitivnog odnosa prema \u017eivotnoj sredini i odr\u017eivom razvoju.<\/p>\n\n\n\n<p>Specifi\u010dni ciljevi:<\/p>\n\n\n\n<ul class=\"wp-block-list\"><li>Pove\u0107anje znanja djece o ekolo\u0161kim problemima, njegovanje pozitivnih stavova prema okolini&nbsp; i razvoj ekolo\u0161kih vje\u0161tina<\/li><li>Razvoj kompetencija&nbsp; odgajatelja i nastavnika razredne nastave potrebnih za implementaciju odgoja i obrazovanja za odr\u017eiv razvoj&nbsp; ( skup kompetencija glave, srca i ruku)<\/li><li>Osiguranje vidljivosti i prepoznatljivosti projektnih aktivnosti u lokalnoj&nbsp; zajednici.<\/li><\/ul>\n\n\n\n<p>Ciljne grupe projekta su djeca iz dvije pred\u0161kolske ustanove, djeca ranog \u0161kolskog uzrasta i odgajatelji\/odgajateljice i nastavnici\/nastavnice iz pred\u0161kolskih ustanova i \u0161kole koji su partneri projekta.<\/p>\n\n\n\n<p>Djeca pred\u0161kolskog i djeca ranog \u0161kolskog uzrasta kroz edukativne radionice, u skladu sa svojim uzrasnim mogu\u0107nostima, ste\u0107i \u0107e odre\u0111ena znanja, vje\u0161tine i sposobnosti za djelovanje na o\u010duvanju prirodne okoline. Odgajatelji i nastavnici razredne nastave kroz dvodnevni trening ste\u0107i \u0107e dodatne kompetencije za odgoj i obrazovanje za odr\u017eivi razvoj.<\/p>\n\n\n\n<p>Na\u0161a je ideja i glavni problem koji \u017eelimo rje\u0161avati ovim projektom da odgoj i obrazovanje o zna\u010daju odr\u017eivog razvoja krene od najmla\u0111ih, jer su upravo oni najspremniji u\u010diti i kroz proces odgoja i obrazovanja postati aktivni i odgovorni gra\u0111ani, svjesni da imamo&nbsp; jednu planetu koja mo\u017ee opstati samo uz promjenu na\u0161eg odnosa prema njoj.<\/p>\n\n\n\n<p>Klju\u010dnu ulogu u razvijanju ekolo\u0161ke svijesti i svijesti o va\u017enosti odr\u017eivog razvoja imaju porodica i odgojno-obrazovne ustanove u kojima dijete provodi najvi\u0161e vremena. Kada je rije\u010d o ranom odgoju i obrazovanju, odgajatelji i u\u010ditelji svojim primjerom trebaju djeci pokazati kako se pona\u0161ati odgovorno prema okolini i dru\u0161tvu te i sami puno u\u010diti i usavr\u0161avati se, jer djeca najbolje u\u010de po modelu, ali trebaju i imati vje\u0161tine potrebne za preno\u0161enje znanja djeci i motivirati ih razli\u010ditim aktivnostima i igrama.<\/p>\n\n\n\n<p>Djeca pred\u0161kolskog i ranog \u0161kolskog uzrasta moraju odrastati svjesna zna\u010daja svakog malog pojedina\u010dnog i zajedni\u010dkog doprinosa o\u010duvanju prirodne sredine i razumnog, odr\u017eivog lokalnog razvoja. Odgoj za odr\u017eivi razvoj doprinijet \u0107e stvaranju generacija koje \u0107e razumjeti i znati zbog \u010dega je va\u017eno aktivno \u010duvati okolinu i racionalno koristiti resurse. Su\u0161tina i budu\u0107nost odr\u017eivog razvoja je u stvaranju i ja\u010danju kompetencija svakog ljudskog bi\u0107a da zna, mo\u017ee i \u017eeli razumjeti zna\u010daj odr\u017eivog razvoja za opstanak\u00a0 planete i da u svojoj lokalnoj sredini djeluje u skladu s tim.<\/p>\n\n\n\n<figure class=\"wp-block-gallery columns-1 is-cropped wp-block-gallery-1 is-layout-flex wp-block-gallery-is-layout-flex\"><ul class=\"blocks-gallery-grid\"><li class=\"blocks-gallery-item\"><figure><img loading=\"lazy\" decoding=\"async\" width=\"675\" height=\"844\" src=\"https:\/\/lan.ba\/udruzenjegradjanalan\/wp-content\/uploads\/2021\/04\/176742932_271782241313185_3154184888530405593_n.jpg\" alt=\"\" data-id=\"4996\" data-full-url=\"https:\/\/lan.ba\/udruzenjegradjanalan\/wp-content\/uploads\/2021\/04\/176742932_271782241313185_3154184888530405593_n.jpg\" data-link=\"http:\/\/lan.ba\/?attachment_id=4996\" class=\"wp-image-4996\" srcset=\"https:\/\/lan.ba\/udruzenjegradjanalan\/wp-content\/uploads\/2021\/04\/176742932_271782241313185_3154184888530405593_n.jpg 675w, https:\/\/lan.ba\/udruzenjegradjanalan\/wp-content\/uploads\/2021\/04\/176742932_271782241313185_3154184888530405593_n-240x300.jpg 240w\" sizes=\"auto, (max-width: 675px) 100vw, 675px\" \/><\/figure><\/li><\/ul><\/figure>\n\n\n\n<figure class=\"wp-block-gallery columns-1 is-cropped wp-block-gallery-2 is-layout-flex wp-block-gallery-is-layout-flex\"><ul class=\"blocks-gallery-grid\"><li class=\"blocks-gallery-item\"><figure><img loading=\"lazy\" decoding=\"async\" width=\"810\" height=\"951\" src=\"https:\/\/lan.ba\/udruzenjegradjanalan\/wp-content\/uploads\/2021\/04\/176756664_1014836722381884_8476206723621673348_n.jpg\" alt=\"\" data-id=\"4997\" data-full-url=\"https:\/\/lan.ba\/udruzenjegradjanalan\/wp-content\/uploads\/2021\/04\/176756664_1014836722381884_8476206723621673348_n.jpg\" data-link=\"http:\/\/lan.ba\/?attachment_id=4997\" class=\"wp-image-4997\" srcset=\"https:\/\/lan.ba\/udruzenjegradjanalan\/wp-content\/uploads\/2021\/04\/176756664_1014836722381884_8476206723621673348_n.jpg 810w, https:\/\/lan.ba\/udruzenjegradjanalan\/wp-content\/uploads\/2021\/04\/176756664_1014836722381884_8476206723621673348_n-256x300.jpg 256w, https:\/\/lan.ba\/udruzenjegradjanalan\/wp-content\/uploads\/2021\/04\/176756664_1014836722381884_8476206723621673348_n-768x902.jpg 768w\" sizes=\"auto, (max-width: 810px) 100vw, 810px\" \/><\/figure><\/li><\/ul><\/figure>\n","protected":false},"excerpt":{"rendered":"<p>Udru\u017eenje Lan iz Biha\u0107a realizira projekt \u201eRanim odgojem i obrazovanjem prema odr\u017eivom razvoju\u201c u okviru projekta NAGE \u2013 Networking and Advocacy for Green Economy (Umre\u017eavanje i zagovaranje za zelenu ekonomiju) koji provodi&nbsp; Mre\u017ea za ruralni razvoj u Bosni i Hercegovini. Ovaj projekt finansira Evropska unija. Projekt se realizira od 1. marta do 30. juna 2021. [&hellip;]<\/p>\n","protected":false},"author":3,"featured_media":0,"comment_status":"closed","ping_status":"closed","sticky":false,"template":"","format":"standard","meta":{"footnotes":""},"categories":[26],"tags":[],"class_list":{"0":"post-4995","1":"post","2":"type-post","3":"status-publish","4":"format-standard","6":"category-ranim-odgojem-i-obrazovanjem-prema-odrzivom-razvoju","7":"czr-hentry"},"_links":{"self":[{"href":"https:\/\/lan.ba\/udruzenjegradjanalan\/wp-json\/wp\/v2\/posts\/4995","targetHints":{"allow":["GET"]}}],"collection":[{"href":"https:\/\/lan.ba\/udruzenjegradjanalan\/wp-json\/wp\/v2\/posts"}],"about":[{"href":"https:\/\/lan.ba\/udruzenjegradjanalan\/wp-json\/wp\/v2\/types\/post"}],"author":[{"embeddable":true,"href":"https:\/\/lan.ba\/udruzenjegradjanalan\/wp-json\/wp\/v2\/users\/3"}],"replies":[{"embeddable":true,"href":"https:\/\/lan.ba\/udruzenjegradjanalan\/wp-json\/wp\/v2\/comments?post=4995"}],"version-history":[{"count":1,"href":"https:\/\/lan.ba\/udruzenjegradjanalan\/wp-json\/wp\/v2\/posts\/4995\/revisions"}],"predecessor-version":[{"id":4998,"href":"https:\/\/lan.ba\/udruzenjegradjanalan\/wp-json\/wp\/v2\/posts\/4995\/revisions\/4998"}],"wp:attachment":[{"href":"https:\/\/lan.ba\/udruzenjegradjanalan\/wp-json\/wp\/v2\/media?parent=4995"}],"wp:term":[{"taxonomy":"category","embeddable":true,"href":"https:\/\/lan.ba\/udruzenjegradjanalan\/wp-json\/wp\/v2\/categories?post=4995"},{"taxonomy":"post_tag","embeddable":true,"href":"https:\/\/lan.ba\/udruzenjegradjanalan\/wp-json\/wp\/v2\/tags?post=4995"}],"curies":[{"name":"wp","href":"https:\/\/api.w.org\/{rel}","templated":true}]}}