{"id":5083,"date":"2021-05-12T16:48:52","date_gmt":"2021-05-12T15:48:52","guid":{"rendered":"http:\/\/lan.ba\/?p=5083"},"modified":"2025-07-08T17:12:57","modified_gmt":"2025-07-08T16:12:57","slug":"posjeta-vrticima-filii-i-pinokio-u-okviru-projekta-ranim-odgojem-i-obrazovanjem-prema-odrzivom-razvoju","status":"publish","type":"post","link":"https:\/\/lan.ba\/udruzenjegradjanalan\/2021\/05\/12\/posjeta-vrticima-filii-i-pinokio-u-okviru-projekta-ranim-odgojem-i-obrazovanjem-prema-odrzivom-razvoju\/","title":{"rendered":"Posjeta vrti\u0107ima Filii i Pinokio u okviru projekta &#8220;Ranim odgojem i obrazovanjem prema odr\u017eivom razvoju&#8221;"},"content":{"rendered":"\n<p>U mjesecu aprilu i maju \u010dlanice Udru\u017eenja Lan posjetile su dje\u010diji vrti\u0107 Filii i dje\u010diji vrti\u0107 Pimnokio i odr\u017eali uvodnu radionicu na kojoj su se upoznale sa djecom i odgajateljicama i dogovorili daljnju suradnju.<\/p>\n\n\n\n<p>Ova aktivnost se realizira u sklopu projekta \u201cRanim odgojem i obrazovanjem prema odr\u017eivom razvoju\u201d.<\/p>\n\n\n\n<p>Projekt se realizira u okviru projekta NAGE koji provodi Mre\u017ea za ruralni razvoj u Bosni i Hercegovini. Ovaj projekt finansira Evropska unija. Cilj radionice je razvoj kompetencija nastavnika\/ca razredne nastave potrebnih za implementaciju odgoja i obrazovanja za odr\u017eivi razvoj.<\/p>\n\n\n\n<figure class=\"wp-block-gallery has-nested-images columns-default is-cropped wp-block-gallery-1 is-layout-flex wp-block-gallery-is-layout-flex\">\n<figure class=\"wp-block-image size-large\"><img loading=\"lazy\" decoding=\"async\" width=\"768\" height=\"1024\" data-id=\"5084\" src=\"https:\/\/lan.ba\/udruzenjegradjanalan\/wp-content\/uploads\/2021\/05\/0-02-0a-12f1d1e3622453d9c0d6d55d63d96db5d39b0b84c1249fa05a53fdaaeeaf53a9_7977d2c2-768x1024.jpg\" alt=\"\" class=\"wp-image-5084\" srcset=\"https:\/\/lan.ba\/udruzenjegradjanalan\/wp-content\/uploads\/2021\/05\/0-02-0a-12f1d1e3622453d9c0d6d55d63d96db5d39b0b84c1249fa05a53fdaaeeaf53a9_7977d2c2-768x1024.jpg 768w, https:\/\/lan.ba\/udruzenjegradjanalan\/wp-content\/uploads\/2021\/05\/0-02-0a-12f1d1e3622453d9c0d6d55d63d96db5d39b0b84c1249fa05a53fdaaeeaf53a9_7977d2c2-225x300.jpg 225w, https:\/\/lan.ba\/udruzenjegradjanalan\/wp-content\/uploads\/2021\/05\/0-02-0a-12f1d1e3622453d9c0d6d55d63d96db5d39b0b84c1249fa05a53fdaaeeaf53a9_7977d2c2-1152x1536.jpg 1152w, https:\/\/lan.ba\/udruzenjegradjanalan\/wp-content\/uploads\/2021\/05\/0-02-0a-12f1d1e3622453d9c0d6d55d63d96db5d39b0b84c1249fa05a53fdaaeeaf53a9_7977d2c2.jpg 1200w\" sizes=\"auto, (max-width: 768px) 100vw, 768px\" \/><\/figure>\n\n\n\n<figure class=\"wp-block-image size-large\"><img loading=\"lazy\" decoding=\"async\" width=\"768\" height=\"1024\" data-id=\"5085\" src=\"https:\/\/lan.ba\/udruzenjegradjanalan\/wp-content\/uploads\/2021\/05\/0-02-0a-24abfbe02e710fcc19861ea5a5fbc70c77e1103658f19af78c9a6cf52dfeed02_e4b0dea7-768x1024.jpg\" alt=\"\" class=\"wp-image-5085\" srcset=\"https:\/\/lan.ba\/udruzenjegradjanalan\/wp-content\/uploads\/2021\/05\/0-02-0a-24abfbe02e710fcc19861ea5a5fbc70c77e1103658f19af78c9a6cf52dfeed02_e4b0dea7-768x1024.jpg 768w, https:\/\/lan.ba\/udruzenjegradjanalan\/wp-content\/uploads\/2021\/05\/0-02-0a-24abfbe02e710fcc19861ea5a5fbc70c77e1103658f19af78c9a6cf52dfeed02_e4b0dea7-225x300.jpg 225w, https:\/\/lan.ba\/udruzenjegradjanalan\/wp-content\/uploads\/2021\/05\/0-02-0a-24abfbe02e710fcc19861ea5a5fbc70c77e1103658f19af78c9a6cf52dfeed02_e4b0dea7-1152x1536.jpg 1152w, https:\/\/lan.ba\/udruzenjegradjanalan\/wp-content\/uploads\/2021\/05\/0-02-0a-24abfbe02e710fcc19861ea5a5fbc70c77e1103658f19af78c9a6cf52dfeed02_e4b0dea7.jpg 1200w\" sizes=\"auto, (max-width: 768px) 100vw, 768px\" \/><\/figure>\n\n\n\n<figure class=\"wp-block-image size-large\"><img loading=\"lazy\" decoding=\"async\" width=\"768\" height=\"1024\" data-id=\"5090\" src=\"https:\/\/lan.ba\/udruzenjegradjanalan\/wp-content\/uploads\/2021\/05\/0-02-05-1d2a2a66a8527640e4bd18dc41722f3e915029428298908d71c1e8b496f28f6b_e0ef279e-768x1024.jpg\" alt=\"\" class=\"wp-image-5090\" srcset=\"https:\/\/lan.ba\/udruzenjegradjanalan\/wp-content\/uploads\/2021\/05\/0-02-05-1d2a2a66a8527640e4bd18dc41722f3e915029428298908d71c1e8b496f28f6b_e0ef279e-768x1024.jpg 768w, https:\/\/lan.ba\/udruzenjegradjanalan\/wp-content\/uploads\/2021\/05\/0-02-05-1d2a2a66a8527640e4bd18dc41722f3e915029428298908d71c1e8b496f28f6b_e0ef279e-225x300.jpg 225w, https:\/\/lan.ba\/udruzenjegradjanalan\/wp-content\/uploads\/2021\/05\/0-02-05-1d2a2a66a8527640e4bd18dc41722f3e915029428298908d71c1e8b496f28f6b_e0ef279e-1152x1536.jpg 1152w, https:\/\/lan.ba\/udruzenjegradjanalan\/wp-content\/uploads\/2021\/05\/0-02-05-1d2a2a66a8527640e4bd18dc41722f3e915029428298908d71c1e8b496f28f6b_e0ef279e.jpg 1200w\" sizes=\"auto, (max-width: 768px) 100vw, 768px\" \/><\/figure>\n<\/figure>\n","protected":false},"excerpt":{"rendered":"<p>U mjesecu aprilu i maju \u010dlanice Udru\u017eenja Lan posjetile su dje\u010diji vrti\u0107 Filii i dje\u010diji vrti\u0107 Pimnokio i odr\u017eali uvodnu radionicu na kojoj su se upoznale sa djecom i odgajateljicama i dogovorili daljnju suradnju. Ova aktivnost se realizira u sklopu projekta \u201cRanim odgojem i obrazovanjem prema odr\u017eivom razvoju\u201d. Projekt se realizira u okviru projekta NAGE [&hellip;]<\/p>\n","protected":false},"author":3,"featured_media":0,"comment_status":"closed","ping_status":"closed","sticky":false,"template":"","format":"standard","meta":{"footnotes":""},"categories":[26],"tags":[],"class_list":{"0":"post-5083","1":"post","2":"type-post","3":"status-publish","4":"format-standard","6":"category-ranim-odgojem-i-obrazovanjem-prema-odrzivom-razvoju","7":"czr-hentry"},"_links":{"self":[{"href":"https:\/\/lan.ba\/udruzenjegradjanalan\/wp-json\/wp\/v2\/posts\/5083","targetHints":{"allow":["GET"]}}],"collection":[{"href":"https:\/\/lan.ba\/udruzenjegradjanalan\/wp-json\/wp\/v2\/posts"}],"about":[{"href":"https:\/\/lan.ba\/udruzenjegradjanalan\/wp-json\/wp\/v2\/types\/post"}],"author":[{"embeddable":true,"href":"https:\/\/lan.ba\/udruzenjegradjanalan\/wp-json\/wp\/v2\/users\/3"}],"replies":[{"embeddable":true,"href":"https:\/\/lan.ba\/udruzenjegradjanalan\/wp-json\/wp\/v2\/comments?post=5083"}],"version-history":[{"count":3,"href":"https:\/\/lan.ba\/udruzenjegradjanalan\/wp-json\/wp\/v2\/posts\/5083\/revisions"}],"predecessor-version":[{"id":9148,"href":"https:\/\/lan.ba\/udruzenjegradjanalan\/wp-json\/wp\/v2\/posts\/5083\/revisions\/9148"}],"wp:attachment":[{"href":"https:\/\/lan.ba\/udruzenjegradjanalan\/wp-json\/wp\/v2\/media?parent=5083"}],"wp:term":[{"taxonomy":"category","embeddable":true,"href":"https:\/\/lan.ba\/udruzenjegradjanalan\/wp-json\/wp\/v2\/categories?post=5083"},{"taxonomy":"post_tag","embeddable":true,"href":"https:\/\/lan.ba\/udruzenjegradjanalan\/wp-json\/wp\/v2\/tags?post=5083"}],"curies":[{"name":"wp","href":"https:\/\/api.w.org\/{rel}","templated":true}]}}