{"id":5522,"date":"2021-09-13T16:25:29","date_gmt":"2021-09-13T15:25:29","guid":{"rendered":"http:\/\/lan.ba\/?p=5522"},"modified":"2022-05-23T17:15:00","modified_gmt":"2022-05-23T16:15:00","slug":"uvodna-radionica-o-rodnim-praksama-u-obrazovanju-u-unsko-sanskom-kantonu","status":"publish","type":"post","link":"https:\/\/lan.ba\/udruzenjegradjanalan\/2021\/09\/13\/uvodna-radionica-o-rodnim-praksama-u-obrazovanju-u-unsko-sanskom-kantonu\/","title":{"rendered":"Uvodna radionica o rodnim praksama u obrazovanju u Unsko-sanskom kantonu"},"content":{"rendered":"\n<p>OSCE BiH podr\u017eala je projekat u okviru koga \u0107e se razmatrati pitanja roda na putu od zakona preko kurikuluma i ud\u017ebenika do nastavne prakse. <\/p>\n\n\n\n<p>Dana\u0161nja uvodna radionica o rodnim praksama u obrazovanju u Unsko-sanskom kantonu okupila je brojne u\u010desnike kao \u0161to su predstavnici kantonalnog Ministarstva obrazovanja, nauke, kulture i sporta, Pedago\u0161kog zavoda, Komisije za ravnopravnost spolova Vlade USK, profesore i pedagoge \u0161kola i fakulteta USK, predstavnike pred\u0161kolskih ustanova, kao i NVO \u201cLAN\u201d Biha\u0107.<\/p>\n\n\n\n<figure class=\"wp-block-image size-full\"><img loading=\"lazy\" decoding=\"async\" width=\"601\" height=\"271\" src=\"https:\/\/lan.ba\/udruzenjegradjanalan\/wp-content\/uploads\/2021\/09\/241657187_10158689055273403_944533903605466340_n.jpg\" alt=\"\" class=\"wp-image-5523\" srcset=\"https:\/\/lan.ba\/udruzenjegradjanalan\/wp-content\/uploads\/2021\/09\/241657187_10158689055273403_944533903605466340_n.jpg 601w, https:\/\/lan.ba\/udruzenjegradjanalan\/wp-content\/uploads\/2021\/09\/241657187_10158689055273403_944533903605466340_n-300x135.jpg 300w\" sizes=\"auto, (max-width: 601px) 100vw, 601px\" \/><\/figure>\n","protected":false},"excerpt":{"rendered":"<p>OSCE BiH podr\u017eala je projekat u okviru koga \u0107e se razmatrati pitanja roda na putu od zakona preko kurikuluma i ud\u017ebenika do nastavne prakse. Dana\u0161nja uvodna radionica o rodnim praksama u obrazovanju u Unsko-sanskom kantonu okupila je brojne u\u010desnike kao \u0161to su predstavnici kantonalnog Ministarstva obrazovanja, nauke, kulture i sporta, Pedago\u0161kog zavoda, Komisije za ravnopravnost [&hellip;]<\/p>\n","protected":false},"author":3,"featured_media":0,"comment_status":"closed","ping_status":"closed","sticky":false,"template":"","format":"standard","meta":{"footnotes":""},"categories":[25],"tags":[],"class_list":{"0":"post-5522","1":"post","2":"type-post","3":"status-publish","4":"format-standard","6":"category-aktivnosti-udruzenja","7":"czr-hentry"},"_links":{"self":[{"href":"https:\/\/lan.ba\/udruzenjegradjanalan\/wp-json\/wp\/v2\/posts\/5522","targetHints":{"allow":["GET"]}}],"collection":[{"href":"https:\/\/lan.ba\/udruzenjegradjanalan\/wp-json\/wp\/v2\/posts"}],"about":[{"href":"https:\/\/lan.ba\/udruzenjegradjanalan\/wp-json\/wp\/v2\/types\/post"}],"author":[{"embeddable":true,"href":"https:\/\/lan.ba\/udruzenjegradjanalan\/wp-json\/wp\/v2\/users\/3"}],"replies":[{"embeddable":true,"href":"https:\/\/lan.ba\/udruzenjegradjanalan\/wp-json\/wp\/v2\/comments?post=5522"}],"version-history":[{"count":1,"href":"https:\/\/lan.ba\/udruzenjegradjanalan\/wp-json\/wp\/v2\/posts\/5522\/revisions"}],"predecessor-version":[{"id":5524,"href":"https:\/\/lan.ba\/udruzenjegradjanalan\/wp-json\/wp\/v2\/posts\/5522\/revisions\/5524"}],"wp:attachment":[{"href":"https:\/\/lan.ba\/udruzenjegradjanalan\/wp-json\/wp\/v2\/media?parent=5522"}],"wp:term":[{"taxonomy":"category","embeddable":true,"href":"https:\/\/lan.ba\/udruzenjegradjanalan\/wp-json\/wp\/v2\/categories?post=5522"},{"taxonomy":"post_tag","embeddable":true,"href":"https:\/\/lan.ba\/udruzenjegradjanalan\/wp-json\/wp\/v2\/tags?post=5522"}],"curies":[{"name":"wp","href":"https:\/\/api.w.org\/{rel}","templated":true}]}}