{"id":6881,"date":"2023-07-03T14:44:41","date_gmt":"2023-07-03T13:44:41","guid":{"rendered":"http:\/\/lan.ba\/?p=6881"},"modified":"2023-07-03T14:51:46","modified_gmt":"2023-07-03T13:51:46","slug":"regionalni-program-lokalne-demokratije-na-zapadnom-balkanu-2-reload2-aktivnosti-udruzenja-lan","status":"publish","type":"post","link":"https:\/\/lan.ba\/udruzenjegradjanalan\/2023\/07\/03\/regionalni-program-lokalne-demokratije-na-zapadnom-balkanu-2-reload2-aktivnosti-udruzenja-lan\/","title":{"rendered":"Regionalni program lokalne demokratije na Zapadnom Balkanu 2 &#8211; ReLOaD2 &#8211; Aktivnosti Udru\u017eenja LAN"},"content":{"rendered":"\n<figure class=\"wp-block-embed is-type-wp-embed is-provider-udruzenje-mreza-za-izgradnju-mira wp-block-embed-udruzenje-mreza-za-izgradnju-mira\"><div class=\"wp-block-embed__wrapper\">\n<blockquote class=\"wp-embedded-content\" data-secret=\"TLZAnbE9Kx\"><a href=\"https:\/\/www.mreza-mira.net\/vijesti\/aktivnosti-mreze\/regionalni-program-lokalne-demokratije-na-zapadnom-balkanu-2-reload2\/\">Regionalni program lokalne demokratije na Zapadnom Balkanu 2 \u2013 ReLOaD2 &#8211;  Aktivnosti Udru\u017eenja LAN<\/a><\/blockquote><iframe loading=\"lazy\" class=\"wp-embedded-content\" sandbox=\"allow-scripts\" security=\"restricted\" style=\"position: absolute; clip: rect(1px, 1px, 1px, 1px);\" title=\"&#8220;Regionalni program lokalne demokratije na Zapadnom Balkanu 2 \u2013 ReLOaD2 &#8211;  Aktivnosti Udru\u017eenja LAN&#8221; &#8212; Udru\u017eenje mre\u017ea za izgradnju mira\" src=\"https:\/\/www.mreza-mira.net\/vijesti\/aktivnosti-mreze\/regionalni-program-lokalne-demokratije-na-zapadnom-balkanu-2-reload2\/embed\/#?secret=AIuIcKf0I1#?secret=TLZAnbE9Kx\" data-secret=\"TLZAnbE9Kx\" width=\"600\" height=\"338\" frameborder=\"0\" marginwidth=\"0\" marginheight=\"0\" scrolling=\"no\"><\/iframe>\n<\/div><\/figure>\n\n\n\n<figure class=\"wp-block-image size-full\"><img loading=\"lazy\" decoding=\"async\" width=\"290\" height=\"174\" src=\"https:\/\/lan.ba\/udruzenjegradjanalan\/wp-content\/uploads\/2023\/07\/download.png\" alt=\"\" class=\"wp-image-6882\"\/><\/figure>\n","protected":false},"excerpt":{"rendered":"","protected":false},"author":3,"featured_media":0,"comment_status":"open","ping_status":"closed","sticky":false,"template":"","format":"standard","meta":{"footnotes":""},"categories":[22],"tags":[],"class_list":{"0":"post-6881","1":"post","2":"type-post","3":"status-publish","4":"format-standard","6":"category-eko-zivot","7":"czr-hentry"},"_links":{"self":[{"href":"https:\/\/lan.ba\/udruzenjegradjanalan\/wp-json\/wp\/v2\/posts\/6881","targetHints":{"allow":["GET"]}}],"collection":[{"href":"https:\/\/lan.ba\/udruzenjegradjanalan\/wp-json\/wp\/v2\/posts"}],"about":[{"href":"https:\/\/lan.ba\/udruzenjegradjanalan\/wp-json\/wp\/v2\/types\/post"}],"author":[{"embeddable":true,"href":"https:\/\/lan.ba\/udruzenjegradjanalan\/wp-json\/wp\/v2\/users\/3"}],"replies":[{"embeddable":true,"href":"https:\/\/lan.ba\/udruzenjegradjanalan\/wp-json\/wp\/v2\/comments?post=6881"}],"version-history":[{"count":1,"href":"https:\/\/lan.ba\/udruzenjegradjanalan\/wp-json\/wp\/v2\/posts\/6881\/revisions"}],"predecessor-version":[{"id":6883,"href":"https:\/\/lan.ba\/udruzenjegradjanalan\/wp-json\/wp\/v2\/posts\/6881\/revisions\/6883"}],"wp:attachment":[{"href":"https:\/\/lan.ba\/udruzenjegradjanalan\/wp-json\/wp\/v2\/media?parent=6881"}],"wp:term":[{"taxonomy":"category","embeddable":true,"href":"https:\/\/lan.ba\/udruzenjegradjanalan\/wp-json\/wp\/v2\/categories?post=6881"},{"taxonomy":"post_tag","embeddable":true,"href":"https:\/\/lan.ba\/udruzenjegradjanalan\/wp-json\/wp\/v2\/tags?post=6881"}],"curies":[{"name":"wp","href":"https:\/\/api.w.org\/{rel}","templated":true}]}}