{"id":7363,"date":"2023-11-19T15:34:07","date_gmt":"2023-11-19T14:34:07","guid":{"rendered":"http:\/\/lan.ba\/udruzenjegradjanalan\/?p=7363"},"modified":"2023-11-19T15:34:09","modified_gmt":"2023-11-19T14:34:09","slug":"clanice-udruzenja-lan-prisustvovale-39-nacionalnom-kongresu-u-strasbourgu","status":"publish","type":"post","link":"https:\/\/lan.ba\/udruzenjegradjanalan\/2023\/11\/19\/clanice-udruzenja-lan-prisustvovale-39-nacionalnom-kongresu-u-strasbourgu\/","title":{"rendered":"\u010clanice Udru\u017eenja LAN prisustvovale 39. Nacionalnom kongresu u Strasbourgu"},"content":{"rendered":"\n<p>\u010clanice na\u0161eg Udru\u017eenja prisustvovale su 39. Nacionalnom kongresu narodne pomo\u0107i <a href=\"https:\/\/www.facebook.com\/secourspopulaire?__cft__[0]=AZU5AChNj8WSyj4yysC2NLUF8XpxGPnWOpZMXhvhRuvct79P3PQvxOtzFnXFjXoubThwixtMaZkUoZXhEoF2en6JEnCh5Yzg4tdlkDzch68uiThnXaEE__s-fu6vcLskJKxfWb4AjPlyWBic7hzIMBhvB7YaJX__Ga8IIDTRDGHWtCIS7ZjtiawT1TIF7JMIrZo&amp;__tn__=-]K-R\">Secours populaire<\/a> u Strasbourgu od 17. 11. do 19. 11. 2023. godine.<\/p>\n\n\n\n<p>Slobodno vrijeme provele su u dru\u017eenju, upoznavanju i \u0161etnji prelijepim Strasbourgom.<\/p>\n\n\n\n<p>Ovom prilikom \u010destitamo na divnoj organizaciji i zahvaljujemo Secours populaire na pozivu i radujemo se budu\u0107oj suradnji.<\/p>\n\n\n\n<figure class=\"wp-block-gallery has-nested-images columns-default is-cropped wp-block-gallery-1 is-layout-flex wp-block-gallery-is-layout-flex\">\n<figure class=\"wp-block-image size-large\"><img loading=\"lazy\" decoding=\"async\" width=\"768\" height=\"1024\" data-id=\"7368\" src=\"https:\/\/lan.ba\/udruzenjegradjanalan\/wp-content\/uploads\/2023\/11\/403801359_682814080499368_1848216243767104768_n-768x1024.jpg\" alt=\"\" class=\"wp-image-7368\" srcset=\"https:\/\/lan.ba\/udruzenjegradjanalan\/wp-content\/uploads\/2023\/11\/403801359_682814080499368_1848216243767104768_n-768x1024.jpg 768w, https:\/\/lan.ba\/udruzenjegradjanalan\/wp-content\/uploads\/2023\/11\/403801359_682814080499368_1848216243767104768_n-225x300.jpg 225w, https:\/\/lan.ba\/udruzenjegradjanalan\/wp-content\/uploads\/2023\/11\/403801359_682814080499368_1848216243767104768_n-1152x1536.jpg 1152w, https:\/\/lan.ba\/udruzenjegradjanalan\/wp-content\/uploads\/2023\/11\/403801359_682814080499368_1848216243767104768_n.jpg 1536w\" sizes=\"auto, (max-width: 768px) 100vw, 768px\" \/><\/figure>\n\n\n\n<figure class=\"wp-block-image size-large\"><img loading=\"lazy\" decoding=\"async\" width=\"768\" height=\"1024\" data-id=\"7365\" src=\"https:\/\/lan.ba\/udruzenjegradjanalan\/wp-content\/uploads\/2023\/11\/404049155_682812780499498_7667938772871043348_n-768x1024.jpg\" alt=\"\" class=\"wp-image-7365\" srcset=\"https:\/\/lan.ba\/udruzenjegradjanalan\/wp-content\/uploads\/2023\/11\/404049155_682812780499498_7667938772871043348_n-768x1024.jpg 768w, https:\/\/lan.ba\/udruzenjegradjanalan\/wp-content\/uploads\/2023\/11\/404049155_682812780499498_7667938772871043348_n-225x300.jpg 225w, https:\/\/lan.ba\/udruzenjegradjanalan\/wp-content\/uploads\/2023\/11\/404049155_682812780499498_7667938772871043348_n-1152x1536.jpg 1152w, https:\/\/lan.ba\/udruzenjegradjanalan\/wp-content\/uploads\/2023\/11\/404049155_682812780499498_7667938772871043348_n.jpg 1536w\" sizes=\"auto, (max-width: 768px) 100vw, 768px\" \/><\/figure>\n\n\n\n<figure class=\"wp-block-image size-large\"><img loading=\"lazy\" decoding=\"async\" width=\"768\" height=\"1024\" data-id=\"7367\" src=\"https:\/\/lan.ba\/udruzenjegradjanalan\/wp-content\/uploads\/2023\/11\/404151559_682811843832925_5111217573148094226_n-768x1024.jpg\" alt=\"\" class=\"wp-image-7367\" srcset=\"https:\/\/lan.ba\/udruzenjegradjanalan\/wp-content\/uploads\/2023\/11\/404151559_682811843832925_5111217573148094226_n-768x1024.jpg 768w, https:\/\/lan.ba\/udruzenjegradjanalan\/wp-content\/uploads\/2023\/11\/404151559_682811843832925_5111217573148094226_n-225x300.jpg 225w, https:\/\/lan.ba\/udruzenjegradjanalan\/wp-content\/uploads\/2023\/11\/404151559_682811843832925_5111217573148094226_n-1152x1536.jpg 1152w, https:\/\/lan.ba\/udruzenjegradjanalan\/wp-content\/uploads\/2023\/11\/404151559_682811843832925_5111217573148094226_n.jpg 1536w\" sizes=\"auto, (max-width: 768px) 100vw, 768px\" \/><\/figure>\n\n\n\n<figure class=\"wp-block-image size-large\"><img loading=\"lazy\" decoding=\"async\" width=\"768\" height=\"1024\" data-id=\"7369\" src=\"https:\/\/lan.ba\/udruzenjegradjanalan\/wp-content\/uploads\/2023\/11\/403780005_682811747166268_3338654381180110182_n-768x1024.jpg\" alt=\"\" class=\"wp-image-7369\" srcset=\"https:\/\/lan.ba\/udruzenjegradjanalan\/wp-content\/uploads\/2023\/11\/403780005_682811747166268_3338654381180110182_n-768x1024.jpg 768w, https:\/\/lan.ba\/udruzenjegradjanalan\/wp-content\/uploads\/2023\/11\/403780005_682811747166268_3338654381180110182_n-225x300.jpg 225w, https:\/\/lan.ba\/udruzenjegradjanalan\/wp-content\/uploads\/2023\/11\/403780005_682811747166268_3338654381180110182_n-1152x1536.jpg 1152w, https:\/\/lan.ba\/udruzenjegradjanalan\/wp-content\/uploads\/2023\/11\/403780005_682811747166268_3338654381180110182_n.jpg 1536w\" sizes=\"auto, (max-width: 768px) 100vw, 768px\" \/><\/figure>\n\n\n\n<figure class=\"wp-block-image size-large\"><img loading=\"lazy\" decoding=\"async\" width=\"768\" height=\"1024\" data-id=\"7364\" src=\"https:\/\/lan.ba\/udruzenjegradjanalan\/wp-content\/uploads\/2023\/11\/404296716_682811693832940_5728945279853845350_n-768x1024.jpg\" alt=\"\" class=\"wp-image-7364\" srcset=\"https:\/\/lan.ba\/udruzenjegradjanalan\/wp-content\/uploads\/2023\/11\/404296716_682811693832940_5728945279853845350_n-768x1024.jpg 768w, https:\/\/lan.ba\/udruzenjegradjanalan\/wp-content\/uploads\/2023\/11\/404296716_682811693832940_5728945279853845350_n-225x300.jpg 225w, https:\/\/lan.ba\/udruzenjegradjanalan\/wp-content\/uploads\/2023\/11\/404296716_682811693832940_5728945279853845350_n-1152x1536.jpg 1152w, https:\/\/lan.ba\/udruzenjegradjanalan\/wp-content\/uploads\/2023\/11\/404296716_682811693832940_5728945279853845350_n.jpg 1536w\" sizes=\"auto, (max-width: 768px) 100vw, 768px\" \/><\/figure>\n\n\n\n<figure class=\"wp-block-image size-large\"><img loading=\"lazy\" decoding=\"async\" width=\"1024\" height=\"768\" data-id=\"7366\" src=\"https:\/\/lan.ba\/udruzenjegradjanalan\/wp-content\/uploads\/2023\/11\/404302191_682811637166279_5445279444517207433_n-1024x768.jpg\" alt=\"\" class=\"wp-image-7366\" srcset=\"https:\/\/lan.ba\/udruzenjegradjanalan\/wp-content\/uploads\/2023\/11\/404302191_682811637166279_5445279444517207433_n-1024x768.jpg 1024w, https:\/\/lan.ba\/udruzenjegradjanalan\/wp-content\/uploads\/2023\/11\/404302191_682811637166279_5445279444517207433_n-300x225.jpg 300w, https:\/\/lan.ba\/udruzenjegradjanalan\/wp-content\/uploads\/2023\/11\/404302191_682811637166279_5445279444517207433_n-768x576.jpg 768w, https:\/\/lan.ba\/udruzenjegradjanalan\/wp-content\/uploads\/2023\/11\/404302191_682811637166279_5445279444517207433_n-1536x1152.jpg 1536w, https:\/\/lan.ba\/udruzenjegradjanalan\/wp-content\/uploads\/2023\/11\/404302191_682811637166279_5445279444517207433_n.jpg 2048w\" sizes=\"auto, (max-width: 1024px) 100vw, 1024px\" \/><\/figure>\n\n\n\n<figure class=\"wp-block-image size-large\"><img loading=\"lazy\" decoding=\"async\" width=\"768\" height=\"1024\" data-id=\"7370\" src=\"https:\/\/lan.ba\/udruzenjegradjanalan\/wp-content\/uploads\/2023\/11\/404045581_682810153833094_7795946711074583271_n-768x1024.jpg\" alt=\"\" class=\"wp-image-7370\" srcset=\"https:\/\/lan.ba\/udruzenjegradjanalan\/wp-content\/uploads\/2023\/11\/404045581_682810153833094_7795946711074583271_n-768x1024.jpg 768w, https:\/\/lan.ba\/udruzenjegradjanalan\/wp-content\/uploads\/2023\/11\/404045581_682810153833094_7795946711074583271_n-225x300.jpg 225w, https:\/\/lan.ba\/udruzenjegradjanalan\/wp-content\/uploads\/2023\/11\/404045581_682810153833094_7795946711074583271_n-1152x1536.jpg 1152w, https:\/\/lan.ba\/udruzenjegradjanalan\/wp-content\/uploads\/2023\/11\/404045581_682810153833094_7795946711074583271_n.jpg 1536w\" sizes=\"auto, (max-width: 768px) 100vw, 768px\" \/><\/figure>\n\n\n\n<figure class=\"wp-block-image size-large\"><img loading=\"lazy\" decoding=\"async\" width=\"768\" height=\"1024\" data-id=\"7371\" src=\"https:\/\/lan.ba\/udruzenjegradjanalan\/wp-content\/uploads\/2023\/11\/404070322_682809427166500_2405525034366058529_n-768x1024.jpg\" alt=\"\" class=\"wp-image-7371\" srcset=\"https:\/\/lan.ba\/udruzenjegradjanalan\/wp-content\/uploads\/2023\/11\/404070322_682809427166500_2405525034366058529_n-768x1024.jpg 768w, https:\/\/lan.ba\/udruzenjegradjanalan\/wp-content\/uploads\/2023\/11\/404070322_682809427166500_2405525034366058529_n-225x300.jpg 225w, https:\/\/lan.ba\/udruzenjegradjanalan\/wp-content\/uploads\/2023\/11\/404070322_682809427166500_2405525034366058529_n-1152x1536.jpg 1152w, https:\/\/lan.ba\/udruzenjegradjanalan\/wp-content\/uploads\/2023\/11\/404070322_682809427166500_2405525034366058529_n.jpg 1536w\" sizes=\"auto, (max-width: 768px) 100vw, 768px\" \/><\/figure>\n\n\n\n<figure class=\"wp-block-image size-large\"><img loading=\"lazy\" decoding=\"async\" width=\"768\" height=\"1024\" data-id=\"7373\" src=\"https:\/\/lan.ba\/udruzenjegradjanalan\/wp-content\/uploads\/2023\/11\/403794911_682809350499841_7180810723905762714_n-768x1024.jpg\" alt=\"\" class=\"wp-image-7373\" srcset=\"https:\/\/lan.ba\/udruzenjegradjanalan\/wp-content\/uploads\/2023\/11\/403794911_682809350499841_7180810723905762714_n-768x1024.jpg 768w, https:\/\/lan.ba\/udruzenjegradjanalan\/wp-content\/uploads\/2023\/11\/403794911_682809350499841_7180810723905762714_n-225x300.jpg 225w, https:\/\/lan.ba\/udruzenjegradjanalan\/wp-content\/uploads\/2023\/11\/403794911_682809350499841_7180810723905762714_n-1152x1536.jpg 1152w, https:\/\/lan.ba\/udruzenjegradjanalan\/wp-content\/uploads\/2023\/11\/403794911_682809350499841_7180810723905762714_n.jpg 1536w\" sizes=\"auto, (max-width: 768px) 100vw, 768px\" \/><\/figure>\n<\/figure>\n","protected":false},"excerpt":{"rendered":"<p>\u010clanice na\u0161eg Udru\u017eenja prisustvovale su 39. Nacionalnom kongresu narodne pomo\u0107i Secours populaire u Strasbourgu od 17. 11. do 19. 11. 2023. godine. Slobodno vrijeme provele su u dru\u017eenju, upoznavanju i \u0161etnji prelijepim Strasbourgom. Ovom prilikom \u010destitamo na divnoj organizaciji i zahvaljujemo Secours populaire na pozivu i radujemo se budu\u0107oj suradnji.<\/p>\n","protected":false},"author":3,"featured_media":0,"comment_status":"open","ping_status":"closed","sticky":false,"template":"","format":"standard","meta":{"footnotes":""},"categories":[35],"tags":[],"class_list":{"0":"post-7363","1":"post","2":"type-post","3":"status-publish","4":"format-standard","6":"category-secours-populaire-francais","7":"czr-hentry"},"_links":{"self":[{"href":"https:\/\/lan.ba\/udruzenjegradjanalan\/wp-json\/wp\/v2\/posts\/7363","targetHints":{"allow":["GET"]}}],"collection":[{"href":"https:\/\/lan.ba\/udruzenjegradjanalan\/wp-json\/wp\/v2\/posts"}],"about":[{"href":"https:\/\/lan.ba\/udruzenjegradjanalan\/wp-json\/wp\/v2\/types\/post"}],"author":[{"embeddable":true,"href":"https:\/\/lan.ba\/udruzenjegradjanalan\/wp-json\/wp\/v2\/users\/3"}],"replies":[{"embeddable":true,"href":"https:\/\/lan.ba\/udruzenjegradjanalan\/wp-json\/wp\/v2\/comments?post=7363"}],"version-history":[{"count":1,"href":"https:\/\/lan.ba\/udruzenjegradjanalan\/wp-json\/wp\/v2\/posts\/7363\/revisions"}],"predecessor-version":[{"id":7376,"href":"https:\/\/lan.ba\/udruzenjegradjanalan\/wp-json\/wp\/v2\/posts\/7363\/revisions\/7376"}],"wp:attachment":[{"href":"https:\/\/lan.ba\/udruzenjegradjanalan\/wp-json\/wp\/v2\/media?parent=7363"}],"wp:term":[{"taxonomy":"category","embeddable":true,"href":"https:\/\/lan.ba\/udruzenjegradjanalan\/wp-json\/wp\/v2\/categories?post=7363"},{"taxonomy":"post_tag","embeddable":true,"href":"https:\/\/lan.ba\/udruzenjegradjanalan\/wp-json\/wp\/v2\/tags?post=7363"}],"curies":[{"name":"wp","href":"https:\/\/api.w.org\/{rel}","templated":true}]}}