{"id":7384,"date":"2023-12-24T18:28:06","date_gmt":"2023-12-24T17:28:06","guid":{"rendered":"http:\/\/lan.ba\/udruzenjegradjanalan\/?p=7384"},"modified":"2023-12-24T18:28:08","modified_gmt":"2023-12-24T17:28:08","slug":"darujmo-osmijeh-svakom-djetetu-jer-u-tome-lezi-najveca-radost-koju-mozemo-podijeliti-sa-svijetom","status":"publish","type":"post","link":"https:\/\/lan.ba\/udruzenjegradjanalan\/2023\/12\/24\/darujmo-osmijeh-svakom-djetetu-jer-u-tome-lezi-najveca-radost-koju-mozemo-podijeliti-sa-svijetom\/","title":{"rendered":"Darujmo osmijeh svakom djetetu jer u tome le\u017ei najve\u0107a radost koju mo\u017eemo podijeliti sa svijetom"},"content":{"rendered":"\n<p>U okviru me\u0111unarodne kampanje &#8220;Zeleni Djed Mraz&#8221; koju provodi francuska humanitarna organizacija <a href=\"https:\/\/www.facebook.com\/secourspopulaire?__cft__[0]=AZWDON639EozJxaGH8elqyUEzKky39CG9970iUz1UWXQZ3psXb5MQNvHDV_kHBF23jK0t5yadG6vuxlnILYD6HhZvCTsueGI56SZ13KMH9pDdysommE6eCvs2Jn5qj59avaLRKW6hv793b57fkwt45JLFabjXloS1OoqBN7FKmrj-U7tq7sAlADt3v4lkGstKMg&amp;__tn__=-]K-R\">Secours populaire<\/a> sa svojim partnerima iz raznih zemalja izradili smo letak koji \u0107emo podjeliti djeci uz paketi\u0107e, 30.12.2023. godine na Gradskom trgu u Biha\u0107u.<\/p>\n\n\n\n<figure class=\"wp-block-gallery has-nested-images columns-default is-cropped wp-block-gallery-1 is-layout-flex wp-block-gallery-is-layout-flex\">\n<figure class=\"wp-block-image size-large\"><img loading=\"lazy\" decoding=\"async\" width=\"726\" height=\"1024\" data-id=\"7386\" src=\"https:\/\/lan.ba\/udruzenjegradjanalan\/wp-content\/uploads\/2023\/12\/414040654_701076165339826_249959156363197776_n-726x1024.jpg\" alt=\"\" class=\"wp-image-7386\" srcset=\"https:\/\/lan.ba\/udruzenjegradjanalan\/wp-content\/uploads\/2023\/12\/414040654_701076165339826_249959156363197776_n-726x1024.jpg 726w, https:\/\/lan.ba\/udruzenjegradjanalan\/wp-content\/uploads\/2023\/12\/414040654_701076165339826_249959156363197776_n-213x300.jpg 213w, https:\/\/lan.ba\/udruzenjegradjanalan\/wp-content\/uploads\/2023\/12\/414040654_701076165339826_249959156363197776_n-768x1084.jpg 768w, https:\/\/lan.ba\/udruzenjegradjanalan\/wp-content\/uploads\/2023\/12\/414040654_701076165339826_249959156363197776_n-1088x1536.jpg 1088w, https:\/\/lan.ba\/udruzenjegradjanalan\/wp-content\/uploads\/2023\/12\/414040654_701076165339826_249959156363197776_n.jpg 1417w\" sizes=\"auto, (max-width: 726px) 100vw, 726px\" \/><\/figure>\n\n\n\n<figure class=\"wp-block-image size-large\"><img loading=\"lazy\" decoding=\"async\" width=\"417\" height=\"589\" data-id=\"7385\" src=\"https:\/\/lan.ba\/udruzenjegradjanalan\/wp-content\/uploads\/2023\/12\/414054782_701076018673174_8737613299225943487_n.jpg\" alt=\"\" class=\"wp-image-7385\" srcset=\"https:\/\/lan.ba\/udruzenjegradjanalan\/wp-content\/uploads\/2023\/12\/414054782_701076018673174_8737613299225943487_n.jpg 417w, https:\/\/lan.ba\/udruzenjegradjanalan\/wp-content\/uploads\/2023\/12\/414054782_701076018673174_8737613299225943487_n-212x300.jpg 212w\" sizes=\"auto, (max-width: 417px) 100vw, 417px\" \/><\/figure>\n<\/figure>\n","protected":false},"excerpt":{"rendered":"<p>U okviru me\u0111unarodne kampanje &#8220;Zeleni Djed Mraz&#8221; koju provodi francuska humanitarna organizacija Secours populaire sa svojim partnerima iz raznih zemalja izradili smo letak koji \u0107emo podjeliti djeci uz paketi\u0107e, 30.12.2023. godine na Gradskom trgu u Biha\u0107u.<\/p>\n","protected":false},"author":3,"featured_media":7385,"comment_status":"open","ping_status":"closed","sticky":false,"template":"","format":"standard","meta":{"footnotes":""},"categories":[35],"tags":[],"class_list":{"0":"post-7384","1":"post","2":"type-post","3":"status-publish","4":"format-standard","5":"has-post-thumbnail","7":"category-secours-populaire-francais","8":"czr-hentry"},"_links":{"self":[{"href":"https:\/\/lan.ba\/udruzenjegradjanalan\/wp-json\/wp\/v2\/posts\/7384","targetHints":{"allow":["GET"]}}],"collection":[{"href":"https:\/\/lan.ba\/udruzenjegradjanalan\/wp-json\/wp\/v2\/posts"}],"about":[{"href":"https:\/\/lan.ba\/udruzenjegradjanalan\/wp-json\/wp\/v2\/types\/post"}],"author":[{"embeddable":true,"href":"https:\/\/lan.ba\/udruzenjegradjanalan\/wp-json\/wp\/v2\/users\/3"}],"replies":[{"embeddable":true,"href":"https:\/\/lan.ba\/udruzenjegradjanalan\/wp-json\/wp\/v2\/comments?post=7384"}],"version-history":[{"count":1,"href":"https:\/\/lan.ba\/udruzenjegradjanalan\/wp-json\/wp\/v2\/posts\/7384\/revisions"}],"predecessor-version":[{"id":7387,"href":"https:\/\/lan.ba\/udruzenjegradjanalan\/wp-json\/wp\/v2\/posts\/7384\/revisions\/7387"}],"wp:featuredmedia":[{"embeddable":true,"href":"https:\/\/lan.ba\/udruzenjegradjanalan\/wp-json\/wp\/v2\/media\/7385"}],"wp:attachment":[{"href":"https:\/\/lan.ba\/udruzenjegradjanalan\/wp-json\/wp\/v2\/media?parent=7384"}],"wp:term":[{"taxonomy":"category","embeddable":true,"href":"https:\/\/lan.ba\/udruzenjegradjanalan\/wp-json\/wp\/v2\/categories?post=7384"},{"taxonomy":"post_tag","embeddable":true,"href":"https:\/\/lan.ba\/udruzenjegradjanalan\/wp-json\/wp\/v2\/tags?post=7384"}],"curies":[{"name":"wp","href":"https:\/\/api.w.org\/{rel}","templated":true}]}}