{"id":7393,"date":"2024-02-15T17:01:31","date_gmt":"2024-02-15T16:01:31","guid":{"rendered":"http:\/\/lan.ba\/udruzenjegradjanalan\/?p=7393"},"modified":"2024-06-20T18:10:31","modified_gmt":"2024-06-20T17:10:31","slug":"novi-projekt-udruzenja-lan-djevojke-za-promjene-2","status":"publish","type":"post","link":"https:\/\/lan.ba\/udruzenjegradjanalan\/2024\/02\/15\/novi-projekt-udruzenja-lan-djevojke-za-promjene-2\/","title":{"rendered":"Novi projekt Udru\u017eenja LAN &#8220;Djevojke za promjene&#8221;"},"content":{"rendered":"\n<p>Projekt finansijski podr\u017eava Ekumenska inicijativa \u017eena iz Omi\u0161a, Republika Hrvatska.<\/p>\n\n\n\n<p>#CivilSocietyCooperation<\/p>\n\n\n\n<p>@ekumenskainicijativa.zena <\/p>\n\n\n\n<p>@AuswaertigesAmt <\/p>\n\n\n\n<p>@filia<\/p>\n\n\n\n<p><span class=\"x193iq5w xeuugli x13faqbe x1vvkbs x1xmvt09 x1lliihq x1s928wv xhkezso x1gmr53x x1cpjm7i x1fgarty x1943h6x xudqn12 x3x7a5m x6prxxf xvq8zen xo1l8bm xzsf02u x1yc453h\" dir=\"auto\"><\/span><\/p>\n\n\n\n<figure class=\"wp-block-gallery has-nested-images columns-default is-cropped wp-block-gallery-1 is-layout-flex wp-block-gallery-is-layout-flex\">\n<figure class=\"wp-block-image size-large\"><img loading=\"lazy\" decoding=\"async\" width=\"940\" height=\"788\" data-id=\"7394\" src=\"https:\/\/lan.ba\/udruzenjegradjanalan\/wp-content\/uploads\/2024\/02\/417427056_730168632430579_1298584930863166438_n.jpg\" alt=\"\" class=\"wp-image-7394\" srcset=\"https:\/\/lan.ba\/udruzenjegradjanalan\/wp-content\/uploads\/2024\/02\/417427056_730168632430579_1298584930863166438_n.jpg 940w, https:\/\/lan.ba\/udruzenjegradjanalan\/wp-content\/uploads\/2024\/02\/417427056_730168632430579_1298584930863166438_n-300x251.jpg 300w, https:\/\/lan.ba\/udruzenjegradjanalan\/wp-content\/uploads\/2024\/02\/417427056_730168632430579_1298584930863166438_n-768x644.jpg 768w\" sizes=\"auto, (max-width: 940px) 100vw, 940px\" \/><\/figure>\n\n\n\n<figure class=\"wp-block-image size-large\"><img loading=\"lazy\" decoding=\"async\" width=\"940\" height=\"788\" data-id=\"7395\" src=\"https:\/\/lan.ba\/udruzenjegradjanalan\/wp-content\/uploads\/2024\/02\/417487654_730168582430584_7797010775646867179_n.jpg\" alt=\"\" class=\"wp-image-7395\" srcset=\"https:\/\/lan.ba\/udruzenjegradjanalan\/wp-content\/uploads\/2024\/02\/417487654_730168582430584_7797010775646867179_n.jpg 940w, https:\/\/lan.ba\/udruzenjegradjanalan\/wp-content\/uploads\/2024\/02\/417487654_730168582430584_7797010775646867179_n-300x251.jpg 300w, https:\/\/lan.ba\/udruzenjegradjanalan\/wp-content\/uploads\/2024\/02\/417487654_730168582430584_7797010775646867179_n-768x644.jpg 768w\" sizes=\"auto, (max-width: 940px) 100vw, 940px\" \/><\/figure>\n<\/figure>\n","protected":false},"excerpt":{"rendered":"<p>Projekt finansijski podr\u017eava Ekumenska inicijativa \u017eena iz Omi\u0161a, Republika Hrvatska. #CivilSocietyCooperation @ekumenskainicijativa.zena @AuswaertigesAmt @filia<\/p>\n","protected":false},"author":3,"featured_media":7395,"comment_status":"open","ping_status":"closed","sticky":false,"template":"","format":"standard","meta":{"footnotes":""},"categories":[40],"tags":[],"class_list":{"0":"post-7393","1":"post","2":"type-post","3":"status-publish","4":"format-standard","5":"has-post-thumbnail","7":"category-djevoke-za-promjene","8":"czr-hentry"},"_links":{"self":[{"href":"https:\/\/lan.ba\/udruzenjegradjanalan\/wp-json\/wp\/v2\/posts\/7393","targetHints":{"allow":["GET"]}}],"collection":[{"href":"https:\/\/lan.ba\/udruzenjegradjanalan\/wp-json\/wp\/v2\/posts"}],"about":[{"href":"https:\/\/lan.ba\/udruzenjegradjanalan\/wp-json\/wp\/v2\/types\/post"}],"author":[{"embeddable":true,"href":"https:\/\/lan.ba\/udruzenjegradjanalan\/wp-json\/wp\/v2\/users\/3"}],"replies":[{"embeddable":true,"href":"https:\/\/lan.ba\/udruzenjegradjanalan\/wp-json\/wp\/v2\/comments?post=7393"}],"version-history":[{"count":2,"href":"https:\/\/lan.ba\/udruzenjegradjanalan\/wp-json\/wp\/v2\/posts\/7393\/revisions"}],"predecessor-version":[{"id":7608,"href":"https:\/\/lan.ba\/udruzenjegradjanalan\/wp-json\/wp\/v2\/posts\/7393\/revisions\/7608"}],"wp:featuredmedia":[{"embeddable":true,"href":"https:\/\/lan.ba\/udruzenjegradjanalan\/wp-json\/wp\/v2\/media\/7395"}],"wp:attachment":[{"href":"https:\/\/lan.ba\/udruzenjegradjanalan\/wp-json\/wp\/v2\/media?parent=7393"}],"wp:term":[{"taxonomy":"category","embeddable":true,"href":"https:\/\/lan.ba\/udruzenjegradjanalan\/wp-json\/wp\/v2\/categories?post=7393"},{"taxonomy":"post_tag","embeddable":true,"href":"https:\/\/lan.ba\/udruzenjegradjanalan\/wp-json\/wp\/v2\/tags?post=7393"}],"curies":[{"name":"wp","href":"https:\/\/api.w.org\/{rel}","templated":true}]}}