{"id":7421,"date":"2024-03-03T16:52:25","date_gmt":"2024-03-03T15:52:25","guid":{"rendered":"http:\/\/lan.ba\/udruzenjegradjanalan\/?p=7421"},"modified":"2024-06-20T18:03:11","modified_gmt":"2024-06-20T17:03:11","slug":"nove-aktivnosti-u-okviru-projekta-djevojke-za-promjene","status":"publish","type":"post","link":"https:\/\/lan.ba\/udruzenjegradjanalan\/2024\/03\/03\/nove-aktivnosti-u-okviru-projekta-djevojke-za-promjene\/","title":{"rendered":"Nove aktivnosti u okviru projekta Djevojke za promjene"},"content":{"rendered":"\n<p>Kroz projekt Djevojke za promjene tokom mjeseca februara u JU Mje\u0161ovita srednja \u0161kola Biha\u0107 podr\u017eane su dvije aktivnosti:<\/p>\n\n\n\n<ul class=\"wp-block-list\">\n<li>Likovna radionica \u010dija je voditeljica bila u\u010denica IV razreda Amila Ba\u0161i\u0107  i<\/li>\n<\/ul>\n\n\n\n<ul class=\"wp-block-list\">\n<li>Radionica pripreme kanapea u kojoj su u\u010destvovale u\u010denice II k razreda sa svojim mentoricama <\/li>\n<\/ul>\n\n\n\n<p>Kroz ovakve aktivnosti osna\u017eujemo djevojke u razli\u010ditim podru\u010djima njihovog osobnog i profesionalnog razvoja.<\/p>\n\n\n\n<p>Projekt finansijski podr\u017eava Ekumenska inicijativa \u017eena iz Omi\u0161a, Republika Hrvatska.<\/p>\n\n\n\n<p>#CivilSocietyCooperation<\/p>\n\n\n\n<p>@ekumenskainicijativa.zena<\/p>\n\n\n\n<p>@AuswaertigesAmt <\/p>\n\n\n\n<p>@filia<\/p>\n\n\n\n<figure class=\"wp-block-gallery has-nested-images columns-default is-cropped wp-block-gallery-1 is-layout-flex wp-block-gallery-is-layout-flex\">\n<figure class=\"wp-block-image size-large\"><img loading=\"lazy\" decoding=\"async\" width=\"940\" height=\"788\" data-id=\"7422\" src=\"https:\/\/lan.ba\/udruzenjegradjanalan\/wp-content\/uploads\/2024\/03\/417476353_738744738239635_1568784479703259723_n.jpg\" alt=\"\" class=\"wp-image-7422\" srcset=\"https:\/\/lan.ba\/udruzenjegradjanalan\/wp-content\/uploads\/2024\/03\/417476353_738744738239635_1568784479703259723_n.jpg 940w, https:\/\/lan.ba\/udruzenjegradjanalan\/wp-content\/uploads\/2024\/03\/417476353_738744738239635_1568784479703259723_n-300x251.jpg 300w, https:\/\/lan.ba\/udruzenjegradjanalan\/wp-content\/uploads\/2024\/03\/417476353_738744738239635_1568784479703259723_n-768x644.jpg 768w\" sizes=\"auto, (max-width: 940px) 100vw, 940px\" \/><\/figure>\n\n\n\n<figure class=\"wp-block-image size-large\"><img loading=\"lazy\" decoding=\"async\" width=\"940\" height=\"788\" data-id=\"7423\" src=\"https:\/\/lan.ba\/udruzenjegradjanalan\/wp-content\/uploads\/2024\/03\/417509457_738744664906309_1770915433574227156_n.jpg\" alt=\"\" class=\"wp-image-7423\" srcset=\"https:\/\/lan.ba\/udruzenjegradjanalan\/wp-content\/uploads\/2024\/03\/417509457_738744664906309_1770915433574227156_n.jpg 940w, https:\/\/lan.ba\/udruzenjegradjanalan\/wp-content\/uploads\/2024\/03\/417509457_738744664906309_1770915433574227156_n-300x251.jpg 300w, https:\/\/lan.ba\/udruzenjegradjanalan\/wp-content\/uploads\/2024\/03\/417509457_738744664906309_1770915433574227156_n-768x644.jpg 768w\" sizes=\"auto, (max-width: 940px) 100vw, 940px\" \/><\/figure>\n<\/figure>\n","protected":false},"excerpt":{"rendered":"<p>Kroz projekt Djevojke za promjene tokom mjeseca februara u JU Mje\u0161ovita srednja \u0161kola Biha\u0107 podr\u017eane su dvije aktivnosti: Kroz ovakve aktivnosti osna\u017eujemo djevojke u razli\u010ditim podru\u010djima njihovog osobnog i profesionalnog razvoja. Projekt finansijski podr\u017eava Ekumenska inicijativa \u017eena iz Omi\u0161a, Republika Hrvatska. #CivilSocietyCooperation @ekumenskainicijativa.zena @AuswaertigesAmt @filia<\/p>\n","protected":false},"author":3,"featured_media":7423,"comment_status":"open","ping_status":"closed","sticky":false,"template":"","format":"standard","meta":{"footnotes":""},"categories":[40],"tags":[],"class_list":{"0":"post-7421","1":"post","2":"type-post","3":"status-publish","4":"format-standard","5":"has-post-thumbnail","7":"category-djevoke-za-promjene","8":"czr-hentry"},"_links":{"self":[{"href":"https:\/\/lan.ba\/udruzenjegradjanalan\/wp-json\/wp\/v2\/posts\/7421","targetHints":{"allow":["GET"]}}],"collection":[{"href":"https:\/\/lan.ba\/udruzenjegradjanalan\/wp-json\/wp\/v2\/posts"}],"about":[{"href":"https:\/\/lan.ba\/udruzenjegradjanalan\/wp-json\/wp\/v2\/types\/post"}],"author":[{"embeddable":true,"href":"https:\/\/lan.ba\/udruzenjegradjanalan\/wp-json\/wp\/v2\/users\/3"}],"replies":[{"embeddable":true,"href":"https:\/\/lan.ba\/udruzenjegradjanalan\/wp-json\/wp\/v2\/comments?post=7421"}],"version-history":[{"count":2,"href":"https:\/\/lan.ba\/udruzenjegradjanalan\/wp-json\/wp\/v2\/posts\/7421\/revisions"}],"predecessor-version":[{"id":7603,"href":"https:\/\/lan.ba\/udruzenjegradjanalan\/wp-json\/wp\/v2\/posts\/7421\/revisions\/7603"}],"wp:featuredmedia":[{"embeddable":true,"href":"https:\/\/lan.ba\/udruzenjegradjanalan\/wp-json\/wp\/v2\/media\/7423"}],"wp:attachment":[{"href":"https:\/\/lan.ba\/udruzenjegradjanalan\/wp-json\/wp\/v2\/media?parent=7421"}],"wp:term":[{"taxonomy":"category","embeddable":true,"href":"https:\/\/lan.ba\/udruzenjegradjanalan\/wp-json\/wp\/v2\/categories?post=7421"},{"taxonomy":"post_tag","embeddable":true,"href":"https:\/\/lan.ba\/udruzenjegradjanalan\/wp-json\/wp\/v2\/tags?post=7421"}],"curies":[{"name":"wp","href":"https:\/\/api.w.org\/{rel}","templated":true}]}}