{"id":7480,"date":"2024-04-20T13:28:40","date_gmt":"2024-04-20T12:28:40","guid":{"rendered":"http:\/\/lan.ba\/udruzenjegradjanalan\/?p=7480"},"modified":"2024-04-20T13:28:42","modified_gmt":"2024-04-20T12:28:42","slug":"clanice-udruzenja-lan-s-predstavnicima-secours-populaire-francais-posjetili-privremeni-prihvatni-centar-borici-u-bihacu","status":"publish","type":"post","link":"https:\/\/lan.ba\/udruzenjegradjanalan\/2024\/04\/20\/clanice-udruzenja-lan-s-predstavnicima-secours-populaire-francais-posjetili-privremeni-prihvatni-centar-borici-u-bihacu\/","title":{"rendered":"\u010clanice Udru\u017eenja LAN s predstavnicima Secours Populaire Francais posjetili Privremeni prihvatni centar Bori\u0107i u Biha\u0107u"},"content":{"rendered":"\n<p>\u010clanice Udru\u017eenja LAN sa predstavnicimaSecours Populaire Francais posjetili su Privremeni prihvatni centar Bori\u0107i u Biha\u0107u gdje su sa predstavnicima Unicefa BiH i IOM-a razgovarali o servisima koji djeluju unutar kampa kao podr\u0161ka migrantima &#8211; porodicama, maloljetnicima bez pratnje i drugim ranjivim kategorijama.<\/p>\n\n\n\n<p>Poseban interes predstavnici Secours populaire Francais pokazali su za Kutak za djecu koji djeluje unutar Kampa Bori\u0107i.<\/p>\n\n\n\n<p>Kutak za djecu vodi Udru\u017eenje LAN kao lokalni partner Unicefa BiH i World Visiona Bosna i Hercegovina.<\/p>\n\n\n\n<figure class=\"wp-block-gallery has-nested-images columns-default is-cropped wp-block-gallery-1 is-layout-flex wp-block-gallery-is-layout-flex\">\n<figure class=\"wp-block-image size-large\"><img loading=\"lazy\" decoding=\"async\" width=\"768\" height=\"1024\" data-id=\"7481\" src=\"https:\/\/lan.ba\/udruzenjegradjanalan\/wp-content\/uploads\/2024\/04\/437952988_763742662406509_5668312612641857542_n-768x1024.jpg\" alt=\"\" class=\"wp-image-7481\" srcset=\"https:\/\/lan.ba\/udruzenjegradjanalan\/wp-content\/uploads\/2024\/04\/437952988_763742662406509_5668312612641857542_n-768x1024.jpg 768w, https:\/\/lan.ba\/udruzenjegradjanalan\/wp-content\/uploads\/2024\/04\/437952988_763742662406509_5668312612641857542_n-225x300.jpg 225w, https:\/\/lan.ba\/udruzenjegradjanalan\/wp-content\/uploads\/2024\/04\/437952988_763742662406509_5668312612641857542_n-1152x1536.jpg 1152w, https:\/\/lan.ba\/udruzenjegradjanalan\/wp-content\/uploads\/2024\/04\/437952988_763742662406509_5668312612641857542_n.jpg 1200w\" sizes=\"auto, (max-width: 768px) 100vw, 768px\" \/><\/figure>\n<\/figure>\n\n\n\n<figure class=\"wp-block-image size-large\"><img loading=\"lazy\" decoding=\"async\" width=\"1024\" height=\"768\" src=\"https:\/\/lan.ba\/udruzenjegradjanalan\/wp-content\/uploads\/2024\/04\/438039887_763742562406519_1913527436986348410_n-1-1024x768.jpg\" alt=\"\" class=\"wp-image-7483\" srcset=\"https:\/\/lan.ba\/udruzenjegradjanalan\/wp-content\/uploads\/2024\/04\/438039887_763742562406519_1913527436986348410_n-1-1024x768.jpg 1024w, https:\/\/lan.ba\/udruzenjegradjanalan\/wp-content\/uploads\/2024\/04\/438039887_763742562406519_1913527436986348410_n-1-300x225.jpg 300w, https:\/\/lan.ba\/udruzenjegradjanalan\/wp-content\/uploads\/2024\/04\/438039887_763742562406519_1913527436986348410_n-1-768x576.jpg 768w, https:\/\/lan.ba\/udruzenjegradjanalan\/wp-content\/uploads\/2024\/04\/438039887_763742562406519_1913527436986348410_n-1-1536x1152.jpg 1536w, https:\/\/lan.ba\/udruzenjegradjanalan\/wp-content\/uploads\/2024\/04\/438039887_763742562406519_1913527436986348410_n-1.jpg 1600w\" sizes=\"auto, (max-width: 1024px) 100vw, 1024px\" \/><\/figure>\n","protected":false},"excerpt":{"rendered":"<p>\u010clanice Udru\u017eenja LAN sa predstavnicimaSecours Populaire Francais posjetili su Privremeni prihvatni centar Bori\u0107i u Biha\u0107u gdje su sa predstavnicima Unicefa BiH i IOM-a razgovarali o servisima koji djeluju unutar kampa kao podr\u0161ka migrantima &#8211; porodicama, maloljetnicima bez pratnje i drugim ranjivim kategorijama. Poseban interes predstavnici Secours populaire Francais pokazali su za Kutak za djecu koji [&hellip;]<\/p>\n","protected":false},"author":3,"featured_media":7483,"comment_status":"open","ping_status":"closed","sticky":false,"template":"","format":"standard","meta":{"footnotes":""},"categories":[35],"tags":[],"class_list":{"0":"post-7480","1":"post","2":"type-post","3":"status-publish","4":"format-standard","5":"has-post-thumbnail","7":"category-secours-populaire-francais","8":"czr-hentry"},"_links":{"self":[{"href":"https:\/\/lan.ba\/udruzenjegradjanalan\/wp-json\/wp\/v2\/posts\/7480","targetHints":{"allow":["GET"]}}],"collection":[{"href":"https:\/\/lan.ba\/udruzenjegradjanalan\/wp-json\/wp\/v2\/posts"}],"about":[{"href":"https:\/\/lan.ba\/udruzenjegradjanalan\/wp-json\/wp\/v2\/types\/post"}],"author":[{"embeddable":true,"href":"https:\/\/lan.ba\/udruzenjegradjanalan\/wp-json\/wp\/v2\/users\/3"}],"replies":[{"embeddable":true,"href":"https:\/\/lan.ba\/udruzenjegradjanalan\/wp-json\/wp\/v2\/comments?post=7480"}],"version-history":[{"count":1,"href":"https:\/\/lan.ba\/udruzenjegradjanalan\/wp-json\/wp\/v2\/posts\/7480\/revisions"}],"predecessor-version":[{"id":7484,"href":"https:\/\/lan.ba\/udruzenjegradjanalan\/wp-json\/wp\/v2\/posts\/7480\/revisions\/7484"}],"wp:featuredmedia":[{"embeddable":true,"href":"https:\/\/lan.ba\/udruzenjegradjanalan\/wp-json\/wp\/v2\/media\/7483"}],"wp:attachment":[{"href":"https:\/\/lan.ba\/udruzenjegradjanalan\/wp-json\/wp\/v2\/media?parent=7480"}],"wp:term":[{"taxonomy":"category","embeddable":true,"href":"https:\/\/lan.ba\/udruzenjegradjanalan\/wp-json\/wp\/v2\/categories?post=7480"},{"taxonomy":"post_tag","embeddable":true,"href":"https:\/\/lan.ba\/udruzenjegradjanalan\/wp-json\/wp\/v2\/tags?post=7480"}],"curies":[{"name":"wp","href":"https:\/\/api.w.org\/{rel}","templated":true}]}}