{"id":7489,"date":"2024-04-20T15:12:55","date_gmt":"2024-04-20T14:12:55","guid":{"rendered":"http:\/\/lan.ba\/udruzenjegradjanalan\/?p=7489"},"modified":"2024-04-20T15:17:37","modified_gmt":"2024-04-20T14:17:37","slug":"radni-sastanci-s-predstavnicima-secours-populaire-francais","status":"publish","type":"post","link":"https:\/\/lan.ba\/udruzenjegradjanalan\/2024\/04\/20\/radni-sastanci-s-predstavnicima-secours-populaire-francais\/","title":{"rendered":"Radni sastanci s predstavnicima Secours Populaire Francais"},"content":{"rendered":"\n<p>\u010clanice Udru\u017eenja LAN s predstavnicima Secours Populaire Francais obavile su nekoliko radnih sastanaka koji su rezultirali nastavkom suradnje iz koje \u0107e proiste\u0107i projekti koji \u0107e se provoditi na podru\u010dju Grada Biha\u0107a, Grada Bosanska Krupa i op\u0107ine Bosanski Petrovac.<\/p>\n\n\n\n<p>S predstavnicima Secours Populaire Francais pro\u0161etali smo gradom gdje su se upoznali s kulturno-historijskim znamenitostima, a tako\u0111er su posjetili Kostelski buk, \u0160trbacki buk i Martin Brod.<\/p>\n\n\n\n<figure class=\"wp-block-gallery has-nested-images columns-default is-cropped wp-block-gallery-1 is-layout-flex wp-block-gallery-is-layout-flex\">\n<figure class=\"wp-block-image size-large\"><img loading=\"lazy\" decoding=\"async\" width=\"1024\" height=\"768\" data-id=\"7494\" src=\"https:\/\/lan.ba\/udruzenjegradjanalan\/wp-content\/uploads\/2024\/04\/438935657_764183182362457_3255981244400572237_n-1024x768.jpg\" alt=\"\" class=\"wp-image-7494\" srcset=\"https:\/\/lan.ba\/udruzenjegradjanalan\/wp-content\/uploads\/2024\/04\/438935657_764183182362457_3255981244400572237_n-1024x768.jpg 1024w, https:\/\/lan.ba\/udruzenjegradjanalan\/wp-content\/uploads\/2024\/04\/438935657_764183182362457_3255981244400572237_n-300x225.jpg 300w, https:\/\/lan.ba\/udruzenjegradjanalan\/wp-content\/uploads\/2024\/04\/438935657_764183182362457_3255981244400572237_n-768x576.jpg 768w, https:\/\/lan.ba\/udruzenjegradjanalan\/wp-content\/uploads\/2024\/04\/438935657_764183182362457_3255981244400572237_n-1536x1152.jpg 1536w, https:\/\/lan.ba\/udruzenjegradjanalan\/wp-content\/uploads\/2024\/04\/438935657_764183182362457_3255981244400572237_n.jpg 1600w\" sizes=\"auto, (max-width: 1024px) 100vw, 1024px\" \/><\/figure>\n\n\n\n<figure class=\"wp-block-image size-large\"><img loading=\"lazy\" decoding=\"async\" width=\"1024\" height=\"768\" data-id=\"7492\" src=\"https:\/\/lan.ba\/udruzenjegradjanalan\/wp-content\/uploads\/2024\/04\/439606823_764183342362441_7025521996821684484_n-1024x768.jpg\" alt=\"\" class=\"wp-image-7492\" srcset=\"https:\/\/lan.ba\/udruzenjegradjanalan\/wp-content\/uploads\/2024\/04\/439606823_764183342362441_7025521996821684484_n-1024x768.jpg 1024w, https:\/\/lan.ba\/udruzenjegradjanalan\/wp-content\/uploads\/2024\/04\/439606823_764183342362441_7025521996821684484_n-300x225.jpg 300w, https:\/\/lan.ba\/udruzenjegradjanalan\/wp-content\/uploads\/2024\/04\/439606823_764183342362441_7025521996821684484_n-768x576.jpg 768w, https:\/\/lan.ba\/udruzenjegradjanalan\/wp-content\/uploads\/2024\/04\/439606823_764183342362441_7025521996821684484_n-1536x1152.jpg 1536w, https:\/\/lan.ba\/udruzenjegradjanalan\/wp-content\/uploads\/2024\/04\/439606823_764183342362441_7025521996821684484_n.jpg 1600w\" sizes=\"auto, (max-width: 1024px) 100vw, 1024px\" \/><\/figure>\n\n\n\n<figure class=\"wp-block-image size-large\"><img loading=\"lazy\" decoding=\"async\" width=\"1024\" height=\"768\" data-id=\"7491\" src=\"https:\/\/lan.ba\/udruzenjegradjanalan\/wp-content\/uploads\/2024\/04\/439417513_764180975696011_8116227048061082018_n-1024x768.jpg\" alt=\"\" class=\"wp-image-7491\" srcset=\"https:\/\/lan.ba\/udruzenjegradjanalan\/wp-content\/uploads\/2024\/04\/439417513_764180975696011_8116227048061082018_n-1024x768.jpg 1024w, https:\/\/lan.ba\/udruzenjegradjanalan\/wp-content\/uploads\/2024\/04\/439417513_764180975696011_8116227048061082018_n-300x225.jpg 300w, https:\/\/lan.ba\/udruzenjegradjanalan\/wp-content\/uploads\/2024\/04\/439417513_764180975696011_8116227048061082018_n-768x576.jpg 768w, https:\/\/lan.ba\/udruzenjegradjanalan\/wp-content\/uploads\/2024\/04\/439417513_764180975696011_8116227048061082018_n-1536x1152.jpg 1536w, https:\/\/lan.ba\/udruzenjegradjanalan\/wp-content\/uploads\/2024\/04\/439417513_764180975696011_8116227048061082018_n.jpg 1600w\" sizes=\"auto, (max-width: 1024px) 100vw, 1024px\" \/><\/figure>\n\n\n\n<figure class=\"wp-block-image size-large\"><img loading=\"lazy\" decoding=\"async\" width=\"768\" height=\"1024\" data-id=\"7493\" src=\"https:\/\/lan.ba\/udruzenjegradjanalan\/wp-content\/uploads\/2024\/04\/438945195_764180905696018_461579045956099213_n-768x1024.jpg\" alt=\"\" class=\"wp-image-7493\" srcset=\"https:\/\/lan.ba\/udruzenjegradjanalan\/wp-content\/uploads\/2024\/04\/438945195_764180905696018_461579045956099213_n-768x1024.jpg 768w, https:\/\/lan.ba\/udruzenjegradjanalan\/wp-content\/uploads\/2024\/04\/438945195_764180905696018_461579045956099213_n-225x300.jpg 225w, https:\/\/lan.ba\/udruzenjegradjanalan\/wp-content\/uploads\/2024\/04\/438945195_764180905696018_461579045956099213_n-1152x1536.jpg 1152w, https:\/\/lan.ba\/udruzenjegradjanalan\/wp-content\/uploads\/2024\/04\/438945195_764180905696018_461579045956099213_n.jpg 1200w\" sizes=\"auto, (max-width: 768px) 100vw, 768px\" \/><\/figure>\n\n\n\n<figure class=\"wp-block-image size-large\"><img loading=\"lazy\" decoding=\"async\" width=\"1024\" height=\"577\" data-id=\"7496\" src=\"https:\/\/lan.ba\/udruzenjegradjanalan\/wp-content\/uploads\/2024\/04\/438906634_764180865696022_629955200214665613_n-1024x577.jpg\" alt=\"\" class=\"wp-image-7496\" srcset=\"https:\/\/lan.ba\/udruzenjegradjanalan\/wp-content\/uploads\/2024\/04\/438906634_764180865696022_629955200214665613_n-1024x577.jpg 1024w, https:\/\/lan.ba\/udruzenjegradjanalan\/wp-content\/uploads\/2024\/04\/438906634_764180865696022_629955200214665613_n-300x169.jpg 300w, https:\/\/lan.ba\/udruzenjegradjanalan\/wp-content\/uploads\/2024\/04\/438906634_764180865696022_629955200214665613_n-768x432.jpg 768w, https:\/\/lan.ba\/udruzenjegradjanalan\/wp-content\/uploads\/2024\/04\/438906634_764180865696022_629955200214665613_n-1536x865.jpg 1536w, https:\/\/lan.ba\/udruzenjegradjanalan\/wp-content\/uploads\/2024\/04\/438906634_764180865696022_629955200214665613_n-1110x624.jpg 1110w, https:\/\/lan.ba\/udruzenjegradjanalan\/wp-content\/uploads\/2024\/04\/438906634_764180865696022_629955200214665613_n-528x297.jpg 528w, https:\/\/lan.ba\/udruzenjegradjanalan\/wp-content\/uploads\/2024\/04\/438906634_764180865696022_629955200214665613_n.jpg 2048w\" sizes=\"auto, (max-width: 1024px) 100vw, 1024px\" \/><\/figure>\n\n\n\n<figure class=\"wp-block-image size-large\"><img loading=\"lazy\" decoding=\"async\" width=\"1024\" height=\"577\" data-id=\"7497\" src=\"https:\/\/lan.ba\/udruzenjegradjanalan\/wp-content\/uploads\/2024\/04\/439446699_764180832362692_8608665484524277691_n-1024x577.jpg\" alt=\"\" class=\"wp-image-7497\" srcset=\"https:\/\/lan.ba\/udruzenjegradjanalan\/wp-content\/uploads\/2024\/04\/439446699_764180832362692_8608665484524277691_n-1024x577.jpg 1024w, https:\/\/lan.ba\/udruzenjegradjanalan\/wp-content\/uploads\/2024\/04\/439446699_764180832362692_8608665484524277691_n-300x169.jpg 300w, https:\/\/lan.ba\/udruzenjegradjanalan\/wp-content\/uploads\/2024\/04\/439446699_764180832362692_8608665484524277691_n-768x432.jpg 768w, https:\/\/lan.ba\/udruzenjegradjanalan\/wp-content\/uploads\/2024\/04\/439446699_764180832362692_8608665484524277691_n-1536x865.jpg 1536w, https:\/\/lan.ba\/udruzenjegradjanalan\/wp-content\/uploads\/2024\/04\/439446699_764180832362692_8608665484524277691_n-1110x624.jpg 1110w, https:\/\/lan.ba\/udruzenjegradjanalan\/wp-content\/uploads\/2024\/04\/439446699_764180832362692_8608665484524277691_n-528x297.jpg 528w, https:\/\/lan.ba\/udruzenjegradjanalan\/wp-content\/uploads\/2024\/04\/439446699_764180832362692_8608665484524277691_n.jpg 2048w\" sizes=\"auto, (max-width: 1024px) 100vw, 1024px\" \/><\/figure>\n\n\n\n<figure class=\"wp-block-image size-large\"><img loading=\"lazy\" decoding=\"async\" width=\"1024\" height=\"908\" data-id=\"7498\" src=\"https:\/\/lan.ba\/udruzenjegradjanalan\/wp-content\/uploads\/2024\/04\/438921106_764180775696031_8636981418012581953_n-1024x908.jpg\" alt=\"\" class=\"wp-image-7498\" srcset=\"https:\/\/lan.ba\/udruzenjegradjanalan\/wp-content\/uploads\/2024\/04\/438921106_764180775696031_8636981418012581953_n-1024x908.jpg 1024w, https:\/\/lan.ba\/udruzenjegradjanalan\/wp-content\/uploads\/2024\/04\/438921106_764180775696031_8636981418012581953_n-300x266.jpg 300w, https:\/\/lan.ba\/udruzenjegradjanalan\/wp-content\/uploads\/2024\/04\/438921106_764180775696031_8636981418012581953_n-768x681.jpg 768w, https:\/\/lan.ba\/udruzenjegradjanalan\/wp-content\/uploads\/2024\/04\/438921106_764180775696031_8636981418012581953_n.jpg 1170w\" sizes=\"auto, (max-width: 1024px) 100vw, 1024px\" \/><\/figure>\n\n\n\n<figure class=\"wp-block-image size-large\"><img loading=\"lazy\" decoding=\"async\" width=\"1024\" height=\"577\" data-id=\"7504\" src=\"https:\/\/lan.ba\/udruzenjegradjanalan\/wp-content\/uploads\/2024\/04\/438874781_764180542362721_2246155088940653874_n-1024x577.jpg\" alt=\"\" class=\"wp-image-7504\" srcset=\"https:\/\/lan.ba\/udruzenjegradjanalan\/wp-content\/uploads\/2024\/04\/438874781_764180542362721_2246155088940653874_n-1024x577.jpg 1024w, https:\/\/lan.ba\/udruzenjegradjanalan\/wp-content\/uploads\/2024\/04\/438874781_764180542362721_2246155088940653874_n-300x169.jpg 300w, https:\/\/lan.ba\/udruzenjegradjanalan\/wp-content\/uploads\/2024\/04\/438874781_764180542362721_2246155088940653874_n-768x432.jpg 768w, https:\/\/lan.ba\/udruzenjegradjanalan\/wp-content\/uploads\/2024\/04\/438874781_764180542362721_2246155088940653874_n-1536x865.jpg 1536w, https:\/\/lan.ba\/udruzenjegradjanalan\/wp-content\/uploads\/2024\/04\/438874781_764180542362721_2246155088940653874_n-1110x624.jpg 1110w, https:\/\/lan.ba\/udruzenjegradjanalan\/wp-content\/uploads\/2024\/04\/438874781_764180542362721_2246155088940653874_n-528x297.jpg 528w, https:\/\/lan.ba\/udruzenjegradjanalan\/wp-content\/uploads\/2024\/04\/438874781_764180542362721_2246155088940653874_n.jpg 2048w\" sizes=\"auto, (max-width: 1024px) 100vw, 1024px\" \/><\/figure>\n\n\n\n<figure class=\"wp-block-image size-large\"><img loading=\"lazy\" decoding=\"async\" width=\"1024\" height=\"577\" data-id=\"7501\" src=\"https:\/\/lan.ba\/udruzenjegradjanalan\/wp-content\/uploads\/2024\/04\/438895042_764180505696058_6726243448502920165_n-1024x577.jpg\" alt=\"\" class=\"wp-image-7501\" srcset=\"https:\/\/lan.ba\/udruzenjegradjanalan\/wp-content\/uploads\/2024\/04\/438895042_764180505696058_6726243448502920165_n-1024x577.jpg 1024w, https:\/\/lan.ba\/udruzenjegradjanalan\/wp-content\/uploads\/2024\/04\/438895042_764180505696058_6726243448502920165_n-300x169.jpg 300w, https:\/\/lan.ba\/udruzenjegradjanalan\/wp-content\/uploads\/2024\/04\/438895042_764180505696058_6726243448502920165_n-768x432.jpg 768w, https:\/\/lan.ba\/udruzenjegradjanalan\/wp-content\/uploads\/2024\/04\/438895042_764180505696058_6726243448502920165_n-1536x865.jpg 1536w, https:\/\/lan.ba\/udruzenjegradjanalan\/wp-content\/uploads\/2024\/04\/438895042_764180505696058_6726243448502920165_n-1110x624.jpg 1110w, https:\/\/lan.ba\/udruzenjegradjanalan\/wp-content\/uploads\/2024\/04\/438895042_764180505696058_6726243448502920165_n-528x297.jpg 528w, https:\/\/lan.ba\/udruzenjegradjanalan\/wp-content\/uploads\/2024\/04\/438895042_764180505696058_6726243448502920165_n.jpg 2048w\" sizes=\"auto, (max-width: 1024px) 100vw, 1024px\" \/><\/figure>\n\n\n\n<figure class=\"wp-block-image size-large\"><img loading=\"lazy\" decoding=\"async\" width=\"1024\" height=\"576\" data-id=\"7506\" src=\"https:\/\/lan.ba\/udruzenjegradjanalan\/wp-content\/uploads\/2024\/04\/437886839_756939163284775_4984624053853291706_n-1024x576.jpg\" alt=\"\" class=\"wp-image-7506\" srcset=\"https:\/\/lan.ba\/udruzenjegradjanalan\/wp-content\/uploads\/2024\/04\/437886839_756939163284775_4984624053853291706_n-1024x576.jpg 1024w, https:\/\/lan.ba\/udruzenjegradjanalan\/wp-content\/uploads\/2024\/04\/437886839_756939163284775_4984624053853291706_n-300x169.jpg 300w, https:\/\/lan.ba\/udruzenjegradjanalan\/wp-content\/uploads\/2024\/04\/437886839_756939163284775_4984624053853291706_n-768x432.jpg 768w, https:\/\/lan.ba\/udruzenjegradjanalan\/wp-content\/uploads\/2024\/04\/437886839_756939163284775_4984624053853291706_n-1536x864.jpg 1536w, https:\/\/lan.ba\/udruzenjegradjanalan\/wp-content\/uploads\/2024\/04\/437886839_756939163284775_4984624053853291706_n-1110x624.jpg 1110w, https:\/\/lan.ba\/udruzenjegradjanalan\/wp-content\/uploads\/2024\/04\/437886839_756939163284775_4984624053853291706_n-528x297.jpg 528w, https:\/\/lan.ba\/udruzenjegradjanalan\/wp-content\/uploads\/2024\/04\/437886839_756939163284775_4984624053853291706_n.jpg 2048w\" sizes=\"auto, (max-width: 1024px) 100vw, 1024px\" \/><\/figure>\n\n\n\n<figure class=\"wp-block-image size-large\"><img loading=\"lazy\" decoding=\"async\" width=\"1024\" height=\"497\" data-id=\"7505\" src=\"https:\/\/lan.ba\/udruzenjegradjanalan\/wp-content\/uploads\/2024\/04\/437778228_756939016618123_8849071551777776547_n-1024x497.jpg\" alt=\"\" class=\"wp-image-7505\" srcset=\"https:\/\/lan.ba\/udruzenjegradjanalan\/wp-content\/uploads\/2024\/04\/437778228_756939016618123_8849071551777776547_n-1024x497.jpg 1024w, https:\/\/lan.ba\/udruzenjegradjanalan\/wp-content\/uploads\/2024\/04\/437778228_756939016618123_8849071551777776547_n-300x146.jpg 300w, https:\/\/lan.ba\/udruzenjegradjanalan\/wp-content\/uploads\/2024\/04\/437778228_756939016618123_8849071551777776547_n-768x373.jpg 768w, https:\/\/lan.ba\/udruzenjegradjanalan\/wp-content\/uploads\/2024\/04\/437778228_756939016618123_8849071551777776547_n-1536x746.jpg 1536w, https:\/\/lan.ba\/udruzenjegradjanalan\/wp-content\/uploads\/2024\/04\/437778228_756939016618123_8849071551777776547_n.jpg 1600w\" sizes=\"auto, (max-width: 1024px) 100vw, 1024px\" \/><\/figure>\n<\/figure>\n","protected":false},"excerpt":{"rendered":"<p>\u010clanice Udru\u017eenja LAN s predstavnicima Secours Populaire Francais obavile su nekoliko radnih sastanaka koji su rezultirali nastavkom suradnje iz koje \u0107e proiste\u0107i projekti koji \u0107e se provoditi na podru\u010dju Grada Biha\u0107a, Grada Bosanska Krupa i op\u0107ine Bosanski Petrovac. S predstavnicima Secours Populaire Francais pro\u0161etali smo gradom gdje su se upoznali s kulturno-historijskim znamenitostima, a tako\u0111er [&hellip;]<\/p>\n","protected":false},"author":3,"featured_media":7498,"comment_status":"open","ping_status":"closed","sticky":false,"template":"","format":"standard","meta":{"footnotes":""},"categories":[35],"tags":[],"class_list":{"0":"post-7489","1":"post","2":"type-post","3":"status-publish","4":"format-standard","5":"has-post-thumbnail","7":"category-secours-populaire-francais","8":"czr-hentry"},"_links":{"self":[{"href":"https:\/\/lan.ba\/udruzenjegradjanalan\/wp-json\/wp\/v2\/posts\/7489","targetHints":{"allow":["GET"]}}],"collection":[{"href":"https:\/\/lan.ba\/udruzenjegradjanalan\/wp-json\/wp\/v2\/posts"}],"about":[{"href":"https:\/\/lan.ba\/udruzenjegradjanalan\/wp-json\/wp\/v2\/types\/post"}],"author":[{"embeddable":true,"href":"https:\/\/lan.ba\/udruzenjegradjanalan\/wp-json\/wp\/v2\/users\/3"}],"replies":[{"embeddable":true,"href":"https:\/\/lan.ba\/udruzenjegradjanalan\/wp-json\/wp\/v2\/comments?post=7489"}],"version-history":[{"count":1,"href":"https:\/\/lan.ba\/udruzenjegradjanalan\/wp-json\/wp\/v2\/posts\/7489\/revisions"}],"predecessor-version":[{"id":7508,"href":"https:\/\/lan.ba\/udruzenjegradjanalan\/wp-json\/wp\/v2\/posts\/7489\/revisions\/7508"}],"wp:featuredmedia":[{"embeddable":true,"href":"https:\/\/lan.ba\/udruzenjegradjanalan\/wp-json\/wp\/v2\/media\/7498"}],"wp:attachment":[{"href":"https:\/\/lan.ba\/udruzenjegradjanalan\/wp-json\/wp\/v2\/media?parent=7489"}],"wp:term":[{"taxonomy":"category","embeddable":true,"href":"https:\/\/lan.ba\/udruzenjegradjanalan\/wp-json\/wp\/v2\/categories?post=7489"},{"taxonomy":"post_tag","embeddable":true,"href":"https:\/\/lan.ba\/udruzenjegradjanalan\/wp-json\/wp\/v2\/tags?post=7489"}],"curies":[{"name":"wp","href":"https:\/\/api.w.org\/{rel}","templated":true}]}}