{"id":7659,"date":"2024-07-10T18:24:41","date_gmt":"2024-07-10T17:24:41","guid":{"rendered":"http:\/\/lan.ba\/udruzenjegradjanalan\/?p=7659"},"modified":"2024-07-10T18:25:02","modified_gmt":"2024-07-10T17:25:02","slug":"djeca-i-mladi-u-ulicnoj-akciji-misli-globalno-djeluj-lokalno","status":"publish","type":"post","link":"https:\/\/lan.ba\/udruzenjegradjanalan\/2024\/07\/10\/djeca-i-mladi-u-ulicnoj-akciji-misli-globalno-djeluj-lokalno\/","title":{"rendered":"Djeca i mladi u Uli\u010dnoj akciji: Misli globalno \u2013 djeluj lokalno"},"content":{"rendered":"\n<p>Ju\u010der je odr\u017eana Uli\u010dna akcija<strong> \u201eMisli globalno \u2013 djeluj lokalno\u201c<\/strong>, aktivnost planirana u projektu <strong>&#8220;Udru\u017ei se, aktiviraj, pobolj\u0161aj&#8221;.<\/strong><\/p>\n\n\n\n<p>Djeca i mladi su bili vi\u0161e nego zadovoljni onim \u0161to su vidjeli i nau\u010dili. Iako \u017eive u svom gradu, mnogo toga o njemu nisu znali te su bili ljubopitljivi, \u0161to je poja\u010dalo dinamiku grupe.<\/p>\n\n\n\n<p>Malo stariji u\u010desnici ju\u010dera\u0161nje aktivnosti pitali su se kako se ranije nisu sjetili organizirati ovakav doga\u0111aj.<\/p>\n\n\n\n<p>Iako je bilo vrlo toplo, mladi su bili aktivni i vidno raspolo\u017eeni. Tako je Uli\u010dna akcija postigla cilj, podizanje svijesti \u0161ire javnosti o zna\u010daju brige za okoli\u0161.<\/p>\n\n\n\n<p>Historijske znamenitosti pru\u017eile su djeci i mladima uvid u kulturnu ba\u0161tinu i va\u017enost njihovog o\u010duvanja, a oni su istra\u017eivali i nau\u010dili kako su se nekad davno koristili prirodni materijali u svakodnevnom \u017eivotu.<\/p>\n\n\n\n<p>Tako\u0111er su razgovarali o brizi za \u017eivot i ure\u0111enju okoli\u0161a kao preduvjetima za ljep\u0161i i kvalitetniji \u017eivot svakog pojedinca.<\/p>\n\n\n\n<p>Ju\u010dera\u0161nja Uli\u010dna akcija bila je bogato iskustvo za sve u\u010desnike aktivnosti jer se na ovakav na\u010din podi\u017ee svijest i anga\u017eman zajednice o va\u017enim temama.<\/p>\n\n\n\n<p>Ovakav pristup obogatio je njihovo znanje o odr\u017eivom razvoju i potakao ih na aktivno sudjelovanje u o\u010duvanju svoje zajednice.<\/p>\n\n\n\n<p>Ova aktivnost je realizirana u okviru platforme \u201eDijalog za mlade\u201c jednog od alata koji se primjenjuju u realizaciji projektnih aktivnosti koje su dio Regionalnog programa lokalne demokratije na Zapadnom Balkanu 2 (ReLOaD2) koji finansira Evropska unija u Bosni i Hercegovini, a implementira UNDP Bosna i Hercegovina uz podr\u0161ku Grada Biha\u0107a.<\/p>\n\n\n\n<p><a href=\"https:\/\/www.facebook.com\/hashtag\/undpeupartnership20?__eep__=6&amp;__cft__%5b0%5d=AZVuzDTXwQoULZj6-x4J8NzFdiy_CCQwkjNcLNfZmOV4h6TmISj7dDok86qtDmPFjT31JJ1mDTMCBm2tDRpmqMMOHShih3MDhbI5WiDRtBlTFha84LmY_Q4LmnOoSyfh6eKrhgLqeQnQIwACBMlw1cDwKNNBdQdG66rteSH7Ow5V68iLIyfOt5-OymMCr-BhKp1LEvcvbbZ7xxZ6ciphy1Pf&amp;__tn__=*NK-R\">#UNDPEUPartnership20<\/a><\/p>\n\n\n\n<p><a href=\"https:\/\/www.facebook.com\/hashtag\/localdemocracy?__eep__=6&amp;__cft__%5b0%5d=AZVuzDTXwQoULZj6-x4J8NzFdiy_CCQwkjNcLNfZmOV4h6TmISj7dDok86qtDmPFjT31JJ1mDTMCBm2tDRpmqMMOHShih3MDhbI5WiDRtBlTFha84LmY_Q4LmnOoSyfh6eKrhgLqeQnQIwACBMlw1cDwKNNBdQdG66rteSH7Ow5V68iLIyfOt5-OymMCr-BhKp1LEvcvbbZ7xxZ6ciphy1Pf&amp;__tn__=*NK-R\">#LocalDemocracy<\/a><\/p>\n\n\n\n<p><a href=\"https:\/\/www.facebook.com\/hashtag\/westernbalkans?__eep__=6&amp;__cft__%5b0%5d=AZVuzDTXwQoULZj6-x4J8NzFdiy_CCQwkjNcLNfZmOV4h6TmISj7dDok86qtDmPFjT31JJ1mDTMCBm2tDRpmqMMOHShih3MDhbI5WiDRtBlTFha84LmY_Q4LmnOoSyfh6eKrhgLqeQnQIwACBMlw1cDwKNNBdQdG66rteSH7Ow5V68iLIyfOt5-OymMCr-BhKp1LEvcvbbZ7xxZ6ciphy1Pf&amp;__tn__=*NK-R\">#WesternBalkans<\/a><\/p>\n\n\n\n<p><a href=\"https:\/\/www.facebook.com\/hashtag\/euzabih?__eep__=6&amp;__cft__%5b0%5d=AZVuzDTXwQoULZj6-x4J8NzFdiy_CCQwkjNcLNfZmOV4h6TmISj7dDok86qtDmPFjT31JJ1mDTMCBm2tDRpmqMMOHShih3MDhbI5WiDRtBlTFha84LmY_Q4LmnOoSyfh6eKrhgLqeQnQIwACBMlw1cDwKNNBdQdG66rteSH7Ow5V68iLIyfOt5-OymMCr-BhKp1LEvcvbbZ7xxZ6ciphy1Pf&amp;__tn__=*NK-R\">#EUzaBiH<\/a><\/p>\n\n\n\n<figure class=\"wp-block-gallery has-nested-images columns-2 is-cropped wp-block-gallery-1 is-layout-flex wp-block-gallery-is-layout-flex\">\n<figure class=\"wp-block-image size-large\"><img loading=\"lazy\" decoding=\"async\" width=\"1024\" height=\"768\" data-id=\"7661\" src=\"https:\/\/lan.ba\/udruzenjegradjanalan\/wp-content\/uploads\/2024\/07\/450304309_810171867763588_7386265430535855120_n-1-1024x768.jpg\" alt=\"\" class=\"wp-image-7661\" srcset=\"https:\/\/lan.ba\/udruzenjegradjanalan\/wp-content\/uploads\/2024\/07\/450304309_810171867763588_7386265430535855120_n-1-1024x768.jpg 1024w, https:\/\/lan.ba\/udruzenjegradjanalan\/wp-content\/uploads\/2024\/07\/450304309_810171867763588_7386265430535855120_n-1-300x225.jpg 300w, https:\/\/lan.ba\/udruzenjegradjanalan\/wp-content\/uploads\/2024\/07\/450304309_810171867763588_7386265430535855120_n-1-768x576.jpg 768w, https:\/\/lan.ba\/udruzenjegradjanalan\/wp-content\/uploads\/2024\/07\/450304309_810171867763588_7386265430535855120_n-1-1536x1152.jpg 1536w, https:\/\/lan.ba\/udruzenjegradjanalan\/wp-content\/uploads\/2024\/07\/450304309_810171867763588_7386265430535855120_n-1.jpg 2048w\" sizes=\"auto, (max-width: 1024px) 100vw, 1024px\" \/><\/figure>\n\n\n\n<figure class=\"wp-block-image size-large\"><img loading=\"lazy\" decoding=\"async\" width=\"1024\" height=\"768\" data-id=\"7663\" src=\"https:\/\/lan.ba\/udruzenjegradjanalan\/wp-content\/uploads\/2024\/07\/450104730_810171614430280_6607457776178168133_n-1-1024x768.jpg\" alt=\"\" class=\"wp-image-7663\" srcset=\"https:\/\/lan.ba\/udruzenjegradjanalan\/wp-content\/uploads\/2024\/07\/450104730_810171614430280_6607457776178168133_n-1-1024x768.jpg 1024w, https:\/\/lan.ba\/udruzenjegradjanalan\/wp-content\/uploads\/2024\/07\/450104730_810171614430280_6607457776178168133_n-1-300x225.jpg 300w, https:\/\/lan.ba\/udruzenjegradjanalan\/wp-content\/uploads\/2024\/07\/450104730_810171614430280_6607457776178168133_n-1-768x576.jpg 768w, https:\/\/lan.ba\/udruzenjegradjanalan\/wp-content\/uploads\/2024\/07\/450104730_810171614430280_6607457776178168133_n-1-1536x1152.jpg 1536w, https:\/\/lan.ba\/udruzenjegradjanalan\/wp-content\/uploads\/2024\/07\/450104730_810171614430280_6607457776178168133_n-1.jpg 2048w\" sizes=\"auto, (max-width: 1024px) 100vw, 1024px\" \/><\/figure>\n\n\n\n<figure class=\"wp-block-image size-large\"><img loading=\"lazy\" decoding=\"async\" width=\"1024\" height=\"768\" data-id=\"7660\" src=\"https:\/\/lan.ba\/udruzenjegradjanalan\/wp-content\/uploads\/2024\/07\/450372896_810171477763627_5618161645743337586_n-1-1024x768.jpg\" alt=\"\" class=\"wp-image-7660\" srcset=\"https:\/\/lan.ba\/udruzenjegradjanalan\/wp-content\/uploads\/2024\/07\/450372896_810171477763627_5618161645743337586_n-1-1024x768.jpg 1024w, https:\/\/lan.ba\/udruzenjegradjanalan\/wp-content\/uploads\/2024\/07\/450372896_810171477763627_5618161645743337586_n-1-300x225.jpg 300w, https:\/\/lan.ba\/udruzenjegradjanalan\/wp-content\/uploads\/2024\/07\/450372896_810171477763627_5618161645743337586_n-1-768x576.jpg 768w, https:\/\/lan.ba\/udruzenjegradjanalan\/wp-content\/uploads\/2024\/07\/450372896_810171477763627_5618161645743337586_n-1-1536x1152.jpg 1536w, https:\/\/lan.ba\/udruzenjegradjanalan\/wp-content\/uploads\/2024\/07\/450372896_810171477763627_5618161645743337586_n-1.jpg 2048w\" sizes=\"auto, (max-width: 1024px) 100vw, 1024px\" \/><\/figure>\n\n\n\n<figure class=\"wp-block-image size-large\"><img loading=\"lazy\" decoding=\"async\" width=\"1024\" height=\"768\" data-id=\"7666\" src=\"https:\/\/lan.ba\/udruzenjegradjanalan\/wp-content\/uploads\/2024\/07\/450443893_810171044430337_5745260779047063792_n-1-1024x768.jpg\" alt=\"\" class=\"wp-image-7666\" srcset=\"https:\/\/lan.ba\/udruzenjegradjanalan\/wp-content\/uploads\/2024\/07\/450443893_810171044430337_5745260779047063792_n-1-1024x768.jpg 1024w, https:\/\/lan.ba\/udruzenjegradjanalan\/wp-content\/uploads\/2024\/07\/450443893_810171044430337_5745260779047063792_n-1-300x225.jpg 300w, https:\/\/lan.ba\/udruzenjegradjanalan\/wp-content\/uploads\/2024\/07\/450443893_810171044430337_5745260779047063792_n-1-768x576.jpg 768w, https:\/\/lan.ba\/udruzenjegradjanalan\/wp-content\/uploads\/2024\/07\/450443893_810171044430337_5745260779047063792_n-1-1536x1152.jpg 1536w, https:\/\/lan.ba\/udruzenjegradjanalan\/wp-content\/uploads\/2024\/07\/450443893_810171044430337_5745260779047063792_n-1.jpg 2048w\" sizes=\"auto, (max-width: 1024px) 100vw, 1024px\" \/><\/figure>\n\n\n\n<figure class=\"wp-block-image size-large\"><img loading=\"lazy\" decoding=\"async\" width=\"1024\" height=\"768\" data-id=\"7662\" src=\"https:\/\/lan.ba\/udruzenjegradjanalan\/wp-content\/uploads\/2024\/07\/450364506_810170827763692_1410773987986091124_n-1-1024x768.jpg\" alt=\"\" class=\"wp-image-7662\" srcset=\"https:\/\/lan.ba\/udruzenjegradjanalan\/wp-content\/uploads\/2024\/07\/450364506_810170827763692_1410773987986091124_n-1-1024x768.jpg 1024w, https:\/\/lan.ba\/udruzenjegradjanalan\/wp-content\/uploads\/2024\/07\/450364506_810170827763692_1410773987986091124_n-1-300x225.jpg 300w, https:\/\/lan.ba\/udruzenjegradjanalan\/wp-content\/uploads\/2024\/07\/450364506_810170827763692_1410773987986091124_n-1-768x576.jpg 768w, https:\/\/lan.ba\/udruzenjegradjanalan\/wp-content\/uploads\/2024\/07\/450364506_810170827763692_1410773987986091124_n-1-1536x1152.jpg 1536w, https:\/\/lan.ba\/udruzenjegradjanalan\/wp-content\/uploads\/2024\/07\/450364506_810170827763692_1410773987986091124_n-1.jpg 2048w\" sizes=\"auto, (max-width: 1024px) 100vw, 1024px\" \/><\/figure>\n\n\n\n<figure class=\"wp-block-image size-large\"><img loading=\"lazy\" decoding=\"async\" width=\"1024\" height=\"768\" data-id=\"7664\" src=\"https:\/\/lan.ba\/udruzenjegradjanalan\/wp-content\/uploads\/2024\/07\/450212375_810170771097031_8578537123775059355_n-1-1024x768.jpg\" alt=\"\" class=\"wp-image-7664\" srcset=\"https:\/\/lan.ba\/udruzenjegradjanalan\/wp-content\/uploads\/2024\/07\/450212375_810170771097031_8578537123775059355_n-1-1024x768.jpg 1024w, https:\/\/lan.ba\/udruzenjegradjanalan\/wp-content\/uploads\/2024\/07\/450212375_810170771097031_8578537123775059355_n-1-300x225.jpg 300w, https:\/\/lan.ba\/udruzenjegradjanalan\/wp-content\/uploads\/2024\/07\/450212375_810170771097031_8578537123775059355_n-1-768x576.jpg 768w, https:\/\/lan.ba\/udruzenjegradjanalan\/wp-content\/uploads\/2024\/07\/450212375_810170771097031_8578537123775059355_n-1-1536x1152.jpg 1536w, https:\/\/lan.ba\/udruzenjegradjanalan\/wp-content\/uploads\/2024\/07\/450212375_810170771097031_8578537123775059355_n-1.jpg 2048w\" sizes=\"auto, (max-width: 1024px) 100vw, 1024px\" \/><\/figure>\n\n\n\n<figure class=\"wp-block-image size-large\"><img loading=\"lazy\" decoding=\"async\" width=\"1024\" height=\"768\" data-id=\"7665\" src=\"https:\/\/lan.ba\/udruzenjegradjanalan\/wp-content\/uploads\/2024\/07\/450537848_810170627763712_2263639574820552484_n-1-1024x768.jpg\" alt=\"\" class=\"wp-image-7665\" srcset=\"https:\/\/lan.ba\/udruzenjegradjanalan\/wp-content\/uploads\/2024\/07\/450537848_810170627763712_2263639574820552484_n-1-1024x768.jpg 1024w, https:\/\/lan.ba\/udruzenjegradjanalan\/wp-content\/uploads\/2024\/07\/450537848_810170627763712_2263639574820552484_n-1-300x225.jpg 300w, https:\/\/lan.ba\/udruzenjegradjanalan\/wp-content\/uploads\/2024\/07\/450537848_810170627763712_2263639574820552484_n-1-768x576.jpg 768w, https:\/\/lan.ba\/udruzenjegradjanalan\/wp-content\/uploads\/2024\/07\/450537848_810170627763712_2263639574820552484_n-1-1536x1152.jpg 1536w, https:\/\/lan.ba\/udruzenjegradjanalan\/wp-content\/uploads\/2024\/07\/450537848_810170627763712_2263639574820552484_n-1.jpg 2048w\" sizes=\"auto, (max-width: 1024px) 100vw, 1024px\" \/><\/figure>\n<\/figure>\n","protected":false},"excerpt":{"rendered":"<p>Ju\u010der je odr\u017eana Uli\u010dna akcija \u201eMisli globalno \u2013 djeluj lokalno\u201c, aktivnost planirana u projektu &#8220;Udru\u017ei se, aktiviraj, pobolj\u0161aj&#8221;. Djeca i mladi su bili vi\u0161e nego zadovoljni onim \u0161to su vidjeli i nau\u010dili. Iako \u017eive u svom gradu, mnogo toga o njemu nisu znali te su bili ljubopitljivi, \u0161to je poja\u010dalo dinamiku grupe. Malo stariji u\u010desnici [&hellip;]<\/p>\n","protected":false},"author":3,"featured_media":7665,"comment_status":"open","ping_status":"closed","sticky":false,"template":"","format":"standard","meta":{"footnotes":""},"categories":[41],"tags":[],"class_list":{"0":"post-7659","1":"post","2":"type-post","3":"status-publish","4":"format-standard","5":"has-post-thumbnail","7":"category-udruzi-se-aktiviraj-poboljsaj","8":"czr-hentry"},"_links":{"self":[{"href":"https:\/\/lan.ba\/udruzenjegradjanalan\/wp-json\/wp\/v2\/posts\/7659","targetHints":{"allow":["GET"]}}],"collection":[{"href":"https:\/\/lan.ba\/udruzenjegradjanalan\/wp-json\/wp\/v2\/posts"}],"about":[{"href":"https:\/\/lan.ba\/udruzenjegradjanalan\/wp-json\/wp\/v2\/types\/post"}],"author":[{"embeddable":true,"href":"https:\/\/lan.ba\/udruzenjegradjanalan\/wp-json\/wp\/v2\/users\/3"}],"replies":[{"embeddable":true,"href":"https:\/\/lan.ba\/udruzenjegradjanalan\/wp-json\/wp\/v2\/comments?post=7659"}],"version-history":[{"count":1,"href":"https:\/\/lan.ba\/udruzenjegradjanalan\/wp-json\/wp\/v2\/posts\/7659\/revisions"}],"predecessor-version":[{"id":7667,"href":"https:\/\/lan.ba\/udruzenjegradjanalan\/wp-json\/wp\/v2\/posts\/7659\/revisions\/7667"}],"wp:featuredmedia":[{"embeddable":true,"href":"https:\/\/lan.ba\/udruzenjegradjanalan\/wp-json\/wp\/v2\/media\/7665"}],"wp:attachment":[{"href":"https:\/\/lan.ba\/udruzenjegradjanalan\/wp-json\/wp\/v2\/media?parent=7659"}],"wp:term":[{"taxonomy":"category","embeddable":true,"href":"https:\/\/lan.ba\/udruzenjegradjanalan\/wp-json\/wp\/v2\/categories?post=7659"},{"taxonomy":"post_tag","embeddable":true,"href":"https:\/\/lan.ba\/udruzenjegradjanalan\/wp-json\/wp\/v2\/tags?post=7659"}],"curies":[{"name":"wp","href":"https:\/\/api.w.org\/{rel}","templated":true}]}}