{"id":7710,"date":"2024-07-26T16:26:39","date_gmt":"2024-07-26T15:26:39","guid":{"rendered":"http:\/\/lan.ba\/udruzenjegradjanalan\/?p=7710"},"modified":"2024-07-26T16:26:41","modified_gmt":"2024-07-26T15:26:41","slug":"volonterska-akcija-u-okviru-projekta-udruzi-se-aktiviraj-poboljsaj","status":"publish","type":"post","link":"https:\/\/lan.ba\/udruzenjegradjanalan\/2024\/07\/26\/volonterska-akcija-u-okviru-projekta-udruzi-se-aktiviraj-poboljsaj\/","title":{"rendered":"Volonterska akcija u okviru projekta \u201eUdru\u017ei se, aktiviraj, pobolj\u0161aj\u201c"},"content":{"rendered":"\n<p>Danas je bio jako uspje\u0161an dan.<\/p>\n\n\n\n<p>U volonterskim akcijama planiranim projektom &#8220;Udru\u017ei se , aktiviraj, pobolj\u0161aj&#8221; u\u010destvovale su dvije starosne grupe. Jednu grupu su \u010dinili mladi, a drugu djeca jer su \u017eeljeli u\u010destvovati u ure\u0111enju svoga grada.<\/p>\n\n\n\n<p>I bili su veoma marljivi i vrijedni. Jedni su bojali&nbsp; ogradu i mobilijar dje\u010dijeg igrali\u0161ta u Gradskom parku, drugi su bojali ogradu dje\u010dijeg igrali\u0161ta u naselju Ozimice I, koje njegovi stanovnici popularno zovu biha\u0107ki &#8220;Harlem&#8221;.<\/p>\n\n\n\n<p>Svi zajedno su ostavili na igrali\u0161tima plo\u010de s natpisom &#8220;\u010cuvajmo na\u0161a igrali\u0161ta&#8221; sa ciljem da se poka\u017ee njihova svjesnost o o\u010duvanju zajedni\u010dke imovine, ali i brige za&nbsp; okoli\u0161. Mladi i djeca su se ujedno dru\u017eili, smijali i zabavljali.<\/p>\n\n\n\n<p>Cilj je ostvaren. Igrom i zabavom podstaknuli smo djecu i mlade na koristan rad u zajednici.<\/p>\n\n\n\n<p>Zahvaljujemo se JU Zavod za prostorno ure\u0111enje Biha\u0107 koji su nadgledali aktivnosti i pomogli u postavljanju \u017ei\u010dane ograde oko dje\u010dijeg igrali\u0161ta.<\/p>\n\n\n\n<p>Ova aktivnost je realizirana u okviru platforme \u201eDijalog za mlade\u201c jednog od alata koji se primjenjuju u realizaciji projektnih aktivnosti koje su dio Regionalnog programa lokalne demokratije na Zapadnom Balkanu 2 (ReLOaD2) koji finansira ,<a href=\"https:\/\/www.facebook.com\/europa.ba?__cft__%5b0%5d=AZXoW-eI10GYX3O0W27I3yLq3zvV0_iLF9k425BP-1aaKFsYC6VLWAQdXjDYoX9iDTg96iHbZh5rub4eG-yLplRVfoxnj1m9j4MRTddnPhv4FvuWSOkNyB42OeQ_HFgnEhTbIXL1rZr0h92JsYO2OQiHX6pFAVOM3UyXEpo_fbweFkE_W356tj8fjYIOIpPShh4JVLsJ4vgPyydD0-MGwxj7euUGjo88dHHsDILyTqmd-G4B4TFOS4CJS2h6WbkTzNI&amp;__tn__=-%5dK-y-R\"> Evropska unija u Bosni i Hercegovin<\/a>i a implementira<a href=\"https:\/\/www.facebook.com\/UNDPBiH?__cft__%5b0%5d=AZXoW-eI10GYX3O0W27I3yLq3zvV0_iLF9k425BP-1aaKFsYC6VLWAQdXjDYoX9iDTg96iHbZh5rub4eG-yLplRVfoxnj1m9j4MRTddnPhv4FvuWSOkNyB42OeQ_HFgnEhTbIXL1rZr0h92JsYO2OQiHX6pFAVOM3UyXEpo_fbweFkE_W356tj8fjYIOIpPShh4JVLsJ4vgPyydD0-MGwxj7euUGjo88dHHsDILyTqmd-G4B4TFOS4CJS2h6WbkTzNI&amp;__tn__=-%5dK-y-R\"> UNDP Bosna i Hercegovin<\/a>a uz podr\u0161ku<a href=\"https:\/\/www.facebook.com\/GRADBIHACBiH?__cft__%5b0%5d=AZXoW-eI10GYX3O0W27I3yLq3zvV0_iLF9k425BP-1aaKFsYC6VLWAQdXjDYoX9iDTg96iHbZh5rub4eG-yLplRVfoxnj1m9j4MRTddnPhv4FvuWSOkNyB42OeQ_HFgnEhTbIXL1rZr0h92JsYO2OQiHX6pFAVOM3UyXEpo_fbweFkE_W356tj8fjYIOIpPShh4JVLsJ4vgPyydD0-MGwxj7euUGjo88dHHsDILyTqmd-G4B4TFOS4CJS2h6WbkTzNI&amp;__tn__=-%5dK-y-R\"> Grada Biha\u0107a<\/a>.<\/p>\n\n\n\n<p><a href=\"https:\/\/www.facebook.com\/hashtag\/undpeupartnership20?__eep__=6&amp;__cft__[0]=AZXrpn3Taqvh9Ddv9lbeCkK0-1VzwS40CL9pHQwVN4TBu-xKMqYZbnjwI0pD0dwRCExkw1NfxANzrCeTn6TgciK4wBQNAx_23C7TiYmio9kZcGkkTJ3VAClqSTiDsl8MaSwon3LMHBzremz5a4yASZlkm1r4-vd5imZfEA8bQMUF6cwR4vKiMioP20CA1beSjHM&amp;__tn__=*NK-R\">#UNDPEUPartnership20<\/a><\/p>\n\n\n\n<p><a href=\"https:\/\/www.facebook.com\/hashtag\/localdemocracy?__eep__=6&amp;__cft__[0]=AZXrpn3Taqvh9Ddv9lbeCkK0-1VzwS40CL9pHQwVN4TBu-xKMqYZbnjwI0pD0dwRCExkw1NfxANzrCeTn6TgciK4wBQNAx_23C7TiYmio9kZcGkkTJ3VAClqSTiDsl8MaSwon3LMHBzremz5a4yASZlkm1r4-vd5imZfEA8bQMUF6cwR4vKiMioP20CA1beSjHM&amp;__tn__=*NK-R\">#LocalDemocracy<\/a><\/p>\n\n\n\n<p><a href=\"https:\/\/www.facebook.com\/hashtag\/westernbalkans?__eep__=6&amp;__cft__[0]=AZXrpn3Taqvh9Ddv9lbeCkK0-1VzwS40CL9pHQwVN4TBu-xKMqYZbnjwI0pD0dwRCExkw1NfxANzrCeTn6TgciK4wBQNAx_23C7TiYmio9kZcGkkTJ3VAClqSTiDsl8MaSwon3LMHBzremz5a4yASZlkm1r4-vd5imZfEA8bQMUF6cwR4vKiMioP20CA1beSjHM&amp;__tn__=*NK-R\">#WesternBalkans<\/a><\/p>\n\n\n\n<p><a href=\"https:\/\/www.facebook.com\/hashtag\/euzabih?__eep__=6&amp;__cft__[0]=AZXrpn3Taqvh9Ddv9lbeCkK0-1VzwS40CL9pHQwVN4TBu-xKMqYZbnjwI0pD0dwRCExkw1NfxANzrCeTn6TgciK4wBQNAx_23C7TiYmio9kZcGkkTJ3VAClqSTiDsl8MaSwon3LMHBzremz5a4yASZlkm1r4-vd5imZfEA8bQMUF6cwR4vKiMioP20CA1beSjHM&amp;__tn__=*NK-R\">#EUzaBiH<\/a><\/p>\n\n\n\n<figure class=\"wp-block-gallery has-nested-images columns-2 is-cropped wp-block-gallery-1 is-layout-flex wp-block-gallery-is-layout-flex\">\n<figure class=\"wp-block-image size-large\"><img loading=\"lazy\" decoding=\"async\" width=\"813\" height=\"1024\" data-id=\"7717\" src=\"https:\/\/lan.ba\/udruzenjegradjanalan\/wp-content\/uploads\/2024\/07\/452921422_818890343558407_1487076056531101899_n-813x1024.jpg\" alt=\"\" class=\"wp-image-7717\" srcset=\"https:\/\/lan.ba\/udruzenjegradjanalan\/wp-content\/uploads\/2024\/07\/452921422_818890343558407_1487076056531101899_n-813x1024.jpg 813w, https:\/\/lan.ba\/udruzenjegradjanalan\/wp-content\/uploads\/2024\/07\/452921422_818890343558407_1487076056531101899_n-238x300.jpg 238w, https:\/\/lan.ba\/udruzenjegradjanalan\/wp-content\/uploads\/2024\/07\/452921422_818890343558407_1487076056531101899_n-768x968.jpg 768w, https:\/\/lan.ba\/udruzenjegradjanalan\/wp-content\/uploads\/2024\/07\/452921422_818890343558407_1487076056531101899_n.jpg 1080w\" sizes=\"auto, (max-width: 813px) 100vw, 813px\" \/><\/figure>\n\n\n\n<figure class=\"wp-block-image size-large\"><img loading=\"lazy\" decoding=\"async\" width=\"792\" height=\"1024\" data-id=\"7716\" src=\"https:\/\/lan.ba\/udruzenjegradjanalan\/wp-content\/uploads\/2024\/07\/452920699_818890243558417_4857336542378290310_n-792x1024.jpg\" alt=\"\" class=\"wp-image-7716\" srcset=\"https:\/\/lan.ba\/udruzenjegradjanalan\/wp-content\/uploads\/2024\/07\/452920699_818890243558417_4857336542378290310_n-792x1024.jpg 792w, https:\/\/lan.ba\/udruzenjegradjanalan\/wp-content\/uploads\/2024\/07\/452920699_818890243558417_4857336542378290310_n-232x300.jpg 232w, https:\/\/lan.ba\/udruzenjegradjanalan\/wp-content\/uploads\/2024\/07\/452920699_818890243558417_4857336542378290310_n-768x993.jpg 768w, https:\/\/lan.ba\/udruzenjegradjanalan\/wp-content\/uploads\/2024\/07\/452920699_818890243558417_4857336542378290310_n.jpg 1080w\" sizes=\"auto, (max-width: 792px) 100vw, 792px\" \/><\/figure>\n\n\n\n<figure class=\"wp-block-image size-large\"><img loading=\"lazy\" decoding=\"async\" width=\"1024\" height=\"749\" data-id=\"7713\" src=\"https:\/\/lan.ba\/udruzenjegradjanalan\/wp-content\/uploads\/2024\/07\/452929745_818889810225127_697625533605260891_n-1024x749.jpg\" alt=\"\" class=\"wp-image-7713\" srcset=\"https:\/\/lan.ba\/udruzenjegradjanalan\/wp-content\/uploads\/2024\/07\/452929745_818889810225127_697625533605260891_n-1024x749.jpg 1024w, https:\/\/lan.ba\/udruzenjegradjanalan\/wp-content\/uploads\/2024\/07\/452929745_818889810225127_697625533605260891_n-300x219.jpg 300w, https:\/\/lan.ba\/udruzenjegradjanalan\/wp-content\/uploads\/2024\/07\/452929745_818889810225127_697625533605260891_n-768x562.jpg 768w, https:\/\/lan.ba\/udruzenjegradjanalan\/wp-content\/uploads\/2024\/07\/452929745_818889810225127_697625533605260891_n.jpg 1080w\" sizes=\"auto, (max-width: 1024px) 100vw, 1024px\" \/><\/figure>\n\n\n\n<figure class=\"wp-block-image size-large\"><img loading=\"lazy\" decoding=\"async\" width=\"1024\" height=\"731\" data-id=\"7714\" src=\"https:\/\/lan.ba\/udruzenjegradjanalan\/wp-content\/uploads\/2024\/07\/452921463_818889773558464_309028542117060560_n-1024x731.jpg\" alt=\"\" class=\"wp-image-7714\" srcset=\"https:\/\/lan.ba\/udruzenjegradjanalan\/wp-content\/uploads\/2024\/07\/452921463_818889773558464_309028542117060560_n-1024x731.jpg 1024w, https:\/\/lan.ba\/udruzenjegradjanalan\/wp-content\/uploads\/2024\/07\/452921463_818889773558464_309028542117060560_n-300x214.jpg 300w, https:\/\/lan.ba\/udruzenjegradjanalan\/wp-content\/uploads\/2024\/07\/452921463_818889773558464_309028542117060560_n-768x548.jpg 768w, https:\/\/lan.ba\/udruzenjegradjanalan\/wp-content\/uploads\/2024\/07\/452921463_818889773558464_309028542117060560_n.jpg 1080w\" sizes=\"auto, (max-width: 1024px) 100vw, 1024px\" \/><\/figure>\n\n\n\n<figure class=\"wp-block-image size-large\"><img loading=\"lazy\" decoding=\"async\" width=\"1024\" height=\"728\" data-id=\"7711\" src=\"https:\/\/lan.ba\/udruzenjegradjanalan\/wp-content\/uploads\/2024\/07\/452921629_818889613558480_9089828111394901190_n-1024x728.jpg\" alt=\"\" class=\"wp-image-7711\" srcset=\"https:\/\/lan.ba\/udruzenjegradjanalan\/wp-content\/uploads\/2024\/07\/452921629_818889613558480_9089828111394901190_n-1024x728.jpg 1024w, https:\/\/lan.ba\/udruzenjegradjanalan\/wp-content\/uploads\/2024\/07\/452921629_818889613558480_9089828111394901190_n-300x213.jpg 300w, https:\/\/lan.ba\/udruzenjegradjanalan\/wp-content\/uploads\/2024\/07\/452921629_818889613558480_9089828111394901190_n-768x546.jpg 768w, https:\/\/lan.ba\/udruzenjegradjanalan\/wp-content\/uploads\/2024\/07\/452921629_818889613558480_9089828111394901190_n.jpg 1072w\" sizes=\"auto, (max-width: 1024px) 100vw, 1024px\" \/><\/figure>\n\n\n\n<figure class=\"wp-block-image size-large\"><img loading=\"lazy\" decoding=\"async\" width=\"1024\" height=\"745\" data-id=\"7712\" src=\"https:\/\/lan.ba\/udruzenjegradjanalan\/wp-content\/uploads\/2024\/07\/452996770_818889536891821_8047874072926942294_n-1024x745.jpg\" alt=\"\" class=\"wp-image-7712\" srcset=\"https:\/\/lan.ba\/udruzenjegradjanalan\/wp-content\/uploads\/2024\/07\/452996770_818889536891821_8047874072926942294_n-1024x745.jpg 1024w, https:\/\/lan.ba\/udruzenjegradjanalan\/wp-content\/uploads\/2024\/07\/452996770_818889536891821_8047874072926942294_n-300x218.jpg 300w, https:\/\/lan.ba\/udruzenjegradjanalan\/wp-content\/uploads\/2024\/07\/452996770_818889536891821_8047874072926942294_n-768x559.jpg 768w, https:\/\/lan.ba\/udruzenjegradjanalan\/wp-content\/uploads\/2024\/07\/452996770_818889536891821_8047874072926942294_n.jpg 1080w\" sizes=\"auto, (max-width: 1024px) 100vw, 1024px\" \/><\/figure>\n\n\n\n<figure class=\"wp-block-image size-large\"><img loading=\"lazy\" decoding=\"async\" width=\"1014\" height=\"1024\" data-id=\"7718\" src=\"https:\/\/lan.ba\/udruzenjegradjanalan\/wp-content\/uploads\/2024\/07\/453080657_818889373558504_5067569009650433061_n-1014x1024.jpg\" alt=\"\" class=\"wp-image-7718\" srcset=\"https:\/\/lan.ba\/udruzenjegradjanalan\/wp-content\/uploads\/2024\/07\/453080657_818889373558504_5067569009650433061_n-1014x1024.jpg 1014w, https:\/\/lan.ba\/udruzenjegradjanalan\/wp-content\/uploads\/2024\/07\/453080657_818889373558504_5067569009650433061_n-297x300.jpg 297w, https:\/\/lan.ba\/udruzenjegradjanalan\/wp-content\/uploads\/2024\/07\/453080657_818889373558504_5067569009650433061_n-150x150.jpg 150w, https:\/\/lan.ba\/udruzenjegradjanalan\/wp-content\/uploads\/2024\/07\/453080657_818889373558504_5067569009650433061_n-768x776.jpg 768w, https:\/\/lan.ba\/udruzenjegradjanalan\/wp-content\/uploads\/2024\/07\/453080657_818889373558504_5067569009650433061_n.jpg 1063w\" sizes=\"auto, (max-width: 1014px) 100vw, 1014px\" \/><\/figure>\n\n\n\n<figure class=\"wp-block-image size-large\"><img loading=\"lazy\" decoding=\"async\" width=\"1024\" height=\"759\" data-id=\"7715\" src=\"https:\/\/lan.ba\/udruzenjegradjanalan\/wp-content\/uploads\/2024\/07\/453171326_818889056891869_8566381337780592137_n-1024x759.jpg\" alt=\"\" class=\"wp-image-7715\" srcset=\"https:\/\/lan.ba\/udruzenjegradjanalan\/wp-content\/uploads\/2024\/07\/453171326_818889056891869_8566381337780592137_n-1024x759.jpg 1024w, https:\/\/lan.ba\/udruzenjegradjanalan\/wp-content\/uploads\/2024\/07\/453171326_818889056891869_8566381337780592137_n-300x223.jpg 300w, https:\/\/lan.ba\/udruzenjegradjanalan\/wp-content\/uploads\/2024\/07\/453171326_818889056891869_8566381337780592137_n-768x570.jpg 768w, https:\/\/lan.ba\/udruzenjegradjanalan\/wp-content\/uploads\/2024\/07\/453171326_818889056891869_8566381337780592137_n.jpg 1080w\" sizes=\"auto, (max-width: 1024px) 100vw, 1024px\" \/><\/figure>\n<\/figure>\n","protected":false},"excerpt":{"rendered":"<p>Danas je bio jako uspje\u0161an dan. U volonterskim akcijama planiranim projektom &#8220;Udru\u017ei se , aktiviraj, pobolj\u0161aj&#8221; u\u010destvovale su dvije starosne grupe. Jednu grupu su \u010dinili mladi, a drugu djeca jer su \u017eeljeli u\u010destvovati u ure\u0111enju svoga grada. I bili su veoma marljivi i vrijedni. Jedni su bojali&nbsp; ogradu i mobilijar dje\u010dijeg igrali\u0161ta u Gradskom parku, [&hellip;]<\/p>\n","protected":false},"author":3,"featured_media":7715,"comment_status":"open","ping_status":"closed","sticky":false,"template":"","format":"standard","meta":{"footnotes":""},"categories":[41],"tags":[],"class_list":{"0":"post-7710","1":"post","2":"type-post","3":"status-publish","4":"format-standard","5":"has-post-thumbnail","7":"category-udruzi-se-aktiviraj-poboljsaj","8":"czr-hentry"},"_links":{"self":[{"href":"https:\/\/lan.ba\/udruzenjegradjanalan\/wp-json\/wp\/v2\/posts\/7710","targetHints":{"allow":["GET"]}}],"collection":[{"href":"https:\/\/lan.ba\/udruzenjegradjanalan\/wp-json\/wp\/v2\/posts"}],"about":[{"href":"https:\/\/lan.ba\/udruzenjegradjanalan\/wp-json\/wp\/v2\/types\/post"}],"author":[{"embeddable":true,"href":"https:\/\/lan.ba\/udruzenjegradjanalan\/wp-json\/wp\/v2\/users\/3"}],"replies":[{"embeddable":true,"href":"https:\/\/lan.ba\/udruzenjegradjanalan\/wp-json\/wp\/v2\/comments?post=7710"}],"version-history":[{"count":1,"href":"https:\/\/lan.ba\/udruzenjegradjanalan\/wp-json\/wp\/v2\/posts\/7710\/revisions"}],"predecessor-version":[{"id":7719,"href":"https:\/\/lan.ba\/udruzenjegradjanalan\/wp-json\/wp\/v2\/posts\/7710\/revisions\/7719"}],"wp:featuredmedia":[{"embeddable":true,"href":"https:\/\/lan.ba\/udruzenjegradjanalan\/wp-json\/wp\/v2\/media\/7715"}],"wp:attachment":[{"href":"https:\/\/lan.ba\/udruzenjegradjanalan\/wp-json\/wp\/v2\/media?parent=7710"}],"wp:term":[{"taxonomy":"category","embeddable":true,"href":"https:\/\/lan.ba\/udruzenjegradjanalan\/wp-json\/wp\/v2\/categories?post=7710"},{"taxonomy":"post_tag","embeddable":true,"href":"https:\/\/lan.ba\/udruzenjegradjanalan\/wp-json\/wp\/v2\/tags?post=7710"}],"curies":[{"name":"wp","href":"https:\/\/api.w.org\/{rel}","templated":true}]}}