{"id":7918,"date":"2024-09-09T13:45:21","date_gmt":"2024-09-09T12:45:21","guid":{"rendered":"http:\/\/lan.ba\/udruzenjegradjanalan\/?p=7918"},"modified":"2024-09-09T13:48:41","modified_gmt":"2024-09-09T12:48:41","slug":"projekt-djevojke-za-promjene-peti-intervju-zenska-perspektiva-mahira-alagic","status":"publish","type":"post","link":"https:\/\/lan.ba\/udruzenjegradjanalan\/2024\/09\/09\/projekt-djevojke-za-promjene-peti-intervju-zenska-perspektiva-mahira-alagic\/","title":{"rendered":"Projekt Djevojke za promjene, peti intervju: \u017denska perspektiva &#8211; Mahira Alagi\u0107"},"content":{"rendered":"\n<p>U petom intervjuu koji se provodi kroz aktivnost \u017denska perspektiva u okviru projekta Djevojke za promjene, predstavljamo Mahiru Alagi\u0107, koja ima vi\u0161e od 25 godina uspje\u0161nog samostalnog iskustva u frizerskoj industriji.<\/p>\n\n\n\n<p>Kroz svoj impresivni rad kao edukatorica za vode\u0107e frizersko-kozmeti\u010dke brendove, Mahira se dokazala ne samo kao stru\u010dnjakinja, ve\u0107 i kao pionir u kori\u0161tenju ekolo\u0161ki osvije\u0161tenih brendova.<\/p>\n\n\n\n<p>Mentorica je mnogim frizerima, organizatorica brojnih seminara i u\u010desnica mnogih edukacija, a njeni zapa\u017eeni rezultati na takmi\u010denjima svjedo\u010de o njenoj predanosti struci.<\/p>\n\n\n\n<p>Njena kreativnost, slobodni duh i \u017eelja za stalnim unapre\u0111enjem usluga \u010dine je primjerom \u017eene koja hrabro kro\u010di ka uspjehu, inovacijama i odr\u017eivosti.<\/p>\n\n\n\n<p>Kroz intervju u okviru projekta Djevojke za promjene, Mahira je podijelila svoja iskustva, govore\u0107i o izazovima i uspjesima koji su oblikovali njen profesionalni put.<\/p>\n\n\n\n<p>Njena pri\u010da nadahnjuje i pokazuje da trud, strast i inovacija mogu otvoriti vrata uspjeha.<\/p>\n\n\n\n<p>Intervju je proveden u okviru projekta Djevojke za promjene koji finansijski podr\u017eava Ekumenska inicijativa \u017eena iz Omi\u0161a, Republika Hrvatska.<\/p>\n\n\n\n<p><a href=\"https:\/\/www.facebook.com\/hashtag\/civilsocietycooperation?__eep__=6&amp;__cft__[0]=AZVe2MCtrhk2epluXGazO_TLHrEI2ae6p8r4KI66qhAmW1i8vScsJnQey78WR5GwbtoJVSiJ0Fu474LoYuI4HiCJgKWGz2Z--z_BiQXVTFy8SiTB16kWjLhoydAso2yVGFmy2Wp-LX7f1xOQafPdp_iC5XkGvkTsqFjmfFuEGtGr8KbbQv-3Xj5gqDNIdVt0ue914nci7JnHrfYa0bNSGSY-&amp;__tn__=*NK-R\">#CivilSocietyCooperation<\/a><\/p>\n\n\n\n<p>@ekumenskainicijativa.zena<\/p>\n\n\n\n<p>@AuswaertigesAmt<\/p>\n\n\n\n<p>@filia<\/p>\n\n\n\n<figure class=\"wp-block-embed is-type-video is-provider-youtube wp-block-embed-youtube wp-embed-aspect-4-3 wp-has-aspect-ratio\"><div class=\"wp-block-embed__wrapper\">\n<iframe loading=\"lazy\" title=\"Projekt Djevojke za promjene, peti intervju: \u017denska perspektiva - Mahira Alagi\u0107\" width=\"1140\" height=\"855\" src=\"https:\/\/www.youtube.com\/embed\/NAgC1HISBa0?feature=oembed\" frameborder=\"0\" allow=\"accelerometer; autoplay; clipboard-write; encrypted-media; gyroscope; picture-in-picture; web-share\" referrerpolicy=\"strict-origin-when-cross-origin\" allowfullscreen><\/iframe>\n<\/div><\/figure>\n\n\n\n<figure class=\"wp-block-image size-full\"><img loading=\"lazy\" decoding=\"async\" width=\"417\" height=\"590\" src=\"https:\/\/lan.ba\/udruzenjegradjanalan\/wp-content\/uploads\/2024\/09\/458710614_845308164249958_5000611566719998055_n.jpg\" alt=\"\" class=\"wp-image-7920\" srcset=\"https:\/\/lan.ba\/udruzenjegradjanalan\/wp-content\/uploads\/2024\/09\/458710614_845308164249958_5000611566719998055_n.jpg 417w, https:\/\/lan.ba\/udruzenjegradjanalan\/wp-content\/uploads\/2024\/09\/458710614_845308164249958_5000611566719998055_n-212x300.jpg 212w\" sizes=\"auto, (max-width: 417px) 100vw, 417px\" \/><\/figure>\n\n\n\n<figure class=\"wp-block-image size-large\"><img loading=\"lazy\" decoding=\"async\" width=\"724\" height=\"1024\" src=\"https:\/\/lan.ba\/udruzenjegradjanalan\/wp-content\/uploads\/2024\/09\/458737216_845308210916620_7911733734182650736_n-724x1024.jpg\" alt=\"\" class=\"wp-image-7921\" srcset=\"https:\/\/lan.ba\/udruzenjegradjanalan\/wp-content\/uploads\/2024\/09\/458737216_845308210916620_7911733734182650736_n-724x1024.jpg 724w, https:\/\/lan.ba\/udruzenjegradjanalan\/wp-content\/uploads\/2024\/09\/458737216_845308210916620_7911733734182650736_n-212x300.jpg 212w, https:\/\/lan.ba\/udruzenjegradjanalan\/wp-content\/uploads\/2024\/09\/458737216_845308210916620_7911733734182650736_n-768x1086.jpg 768w, https:\/\/lan.ba\/udruzenjegradjanalan\/wp-content\/uploads\/2024\/09\/458737216_845308210916620_7911733734182650736_n-1086x1536.jpg 1086w, https:\/\/lan.ba\/udruzenjegradjanalan\/wp-content\/uploads\/2024\/09\/458737216_845308210916620_7911733734182650736_n.jpg 1448w\" sizes=\"auto, (max-width: 724px) 100vw, 724px\" \/><\/figure>\n\n\n\n<figure class=\"wp-block-image size-large\"><img loading=\"lazy\" decoding=\"async\" width=\"724\" height=\"1024\" src=\"https:\/\/lan.ba\/udruzenjegradjanalan\/wp-content\/uploads\/2024\/09\/458783036_845322127581895_1631147643624800530_n-724x1024.jpg\" alt=\"\" class=\"wp-image-7922\" srcset=\"https:\/\/lan.ba\/udruzenjegradjanalan\/wp-content\/uploads\/2024\/09\/458783036_845322127581895_1631147643624800530_n-724x1024.jpg 724w, https:\/\/lan.ba\/udruzenjegradjanalan\/wp-content\/uploads\/2024\/09\/458783036_845322127581895_1631147643624800530_n-212x300.jpg 212w, https:\/\/lan.ba\/udruzenjegradjanalan\/wp-content\/uploads\/2024\/09\/458783036_845322127581895_1631147643624800530_n-768x1086.jpg 768w, https:\/\/lan.ba\/udruzenjegradjanalan\/wp-content\/uploads\/2024\/09\/458783036_845322127581895_1631147643624800530_n-1086x1536.jpg 1086w, https:\/\/lan.ba\/udruzenjegradjanalan\/wp-content\/uploads\/2024\/09\/458783036_845322127581895_1631147643624800530_n.jpg 1448w\" sizes=\"auto, (max-width: 724px) 100vw, 724px\" \/><\/figure>\n\n\n\n<figure class=\"wp-block-image size-large\"><img loading=\"lazy\" decoding=\"async\" width=\"724\" height=\"1024\" src=\"https:\/\/lan.ba\/udruzenjegradjanalan\/wp-content\/uploads\/2024\/09\/458983630_845322150915226_4632887543040265693_n-724x1024.jpg\" alt=\"\" class=\"wp-image-7924\" srcset=\"https:\/\/lan.ba\/udruzenjegradjanalan\/wp-content\/uploads\/2024\/09\/458983630_845322150915226_4632887543040265693_n-724x1024.jpg 724w, https:\/\/lan.ba\/udruzenjegradjanalan\/wp-content\/uploads\/2024\/09\/458983630_845322150915226_4632887543040265693_n-212x300.jpg 212w, https:\/\/lan.ba\/udruzenjegradjanalan\/wp-content\/uploads\/2024\/09\/458983630_845322150915226_4632887543040265693_n-768x1086.jpg 768w, https:\/\/lan.ba\/udruzenjegradjanalan\/wp-content\/uploads\/2024\/09\/458983630_845322150915226_4632887543040265693_n-1086x1536.jpg 1086w, https:\/\/lan.ba\/udruzenjegradjanalan\/wp-content\/uploads\/2024\/09\/458983630_845322150915226_4632887543040265693_n.jpg 1448w\" sizes=\"auto, (max-width: 724px) 100vw, 724px\" \/><\/figure>\n\n\n\n<figure class=\"wp-block-image size-large\"><img loading=\"lazy\" decoding=\"async\" width=\"724\" height=\"1024\" src=\"https:\/\/lan.ba\/udruzenjegradjanalan\/wp-content\/uploads\/2024\/09\/459027076_845322214248553_3951942873552320235_n-724x1024.jpg\" alt=\"\" class=\"wp-image-7925\" srcset=\"https:\/\/lan.ba\/udruzenjegradjanalan\/wp-content\/uploads\/2024\/09\/459027076_845322214248553_3951942873552320235_n-724x1024.jpg 724w, https:\/\/lan.ba\/udruzenjegradjanalan\/wp-content\/uploads\/2024\/09\/459027076_845322214248553_3951942873552320235_n-212x300.jpg 212w, https:\/\/lan.ba\/udruzenjegradjanalan\/wp-content\/uploads\/2024\/09\/459027076_845322214248553_3951942873552320235_n-768x1086.jpg 768w, https:\/\/lan.ba\/udruzenjegradjanalan\/wp-content\/uploads\/2024\/09\/459027076_845322214248553_3951942873552320235_n-1086x1536.jpg 1086w, https:\/\/lan.ba\/udruzenjegradjanalan\/wp-content\/uploads\/2024\/09\/459027076_845322214248553_3951942873552320235_n.jpg 1448w\" sizes=\"auto, (max-width: 724px) 100vw, 724px\" \/><\/figure>\n\n\n\n<figure class=\"wp-block-image size-large\"><img loading=\"lazy\" decoding=\"async\" width=\"724\" height=\"1024\" src=\"https:\/\/lan.ba\/udruzenjegradjanalan\/wp-content\/uploads\/2024\/09\/459038579_845322254248549_7196823237457151255_n-724x1024.jpg\" alt=\"\" class=\"wp-image-7926\" srcset=\"https:\/\/lan.ba\/udruzenjegradjanalan\/wp-content\/uploads\/2024\/09\/459038579_845322254248549_7196823237457151255_n-724x1024.jpg 724w, https:\/\/lan.ba\/udruzenjegradjanalan\/wp-content\/uploads\/2024\/09\/459038579_845322254248549_7196823237457151255_n-212x300.jpg 212w, https:\/\/lan.ba\/udruzenjegradjanalan\/wp-content\/uploads\/2024\/09\/459038579_845322254248549_7196823237457151255_n-768x1086.jpg 768w, https:\/\/lan.ba\/udruzenjegradjanalan\/wp-content\/uploads\/2024\/09\/459038579_845322254248549_7196823237457151255_n-1086x1536.jpg 1086w, https:\/\/lan.ba\/udruzenjegradjanalan\/wp-content\/uploads\/2024\/09\/459038579_845322254248549_7196823237457151255_n.jpg 1448w\" sizes=\"auto, (max-width: 724px) 100vw, 724px\" \/><\/figure>\n\n\n\n<figure class=\"wp-block-image size-large\"><img loading=\"lazy\" decoding=\"async\" width=\"724\" height=\"1024\" src=\"https:\/\/lan.ba\/udruzenjegradjanalan\/wp-content\/uploads\/2024\/09\/459162966_845322287581879_548856073542300564_n-724x1024.jpg\" alt=\"\" class=\"wp-image-7927\" srcset=\"https:\/\/lan.ba\/udruzenjegradjanalan\/wp-content\/uploads\/2024\/09\/459162966_845322287581879_548856073542300564_n-724x1024.jpg 724w, https:\/\/lan.ba\/udruzenjegradjanalan\/wp-content\/uploads\/2024\/09\/459162966_845322287581879_548856073542300564_n-212x300.jpg 212w, https:\/\/lan.ba\/udruzenjegradjanalan\/wp-content\/uploads\/2024\/09\/459162966_845322287581879_548856073542300564_n-768x1086.jpg 768w, https:\/\/lan.ba\/udruzenjegradjanalan\/wp-content\/uploads\/2024\/09\/459162966_845322287581879_548856073542300564_n-1086x1536.jpg 1086w, https:\/\/lan.ba\/udruzenjegradjanalan\/wp-content\/uploads\/2024\/09\/459162966_845322287581879_548856073542300564_n.jpg 1448w\" sizes=\"auto, (max-width: 724px) 100vw, 724px\" \/><\/figure>\n","protected":false},"excerpt":{"rendered":"<p>U petom intervjuu koji se provodi kroz aktivnost \u017denska perspektiva u okviru projekta Djevojke za promjene, predstavljamo Mahiru Alagi\u0107, koja ima vi\u0161e od 25 godina uspje\u0161nog samostalnog iskustva u frizerskoj industriji. Kroz svoj impresivni rad kao edukatorica za vode\u0107e frizersko-kozmeti\u010dke brendove, Mahira se dokazala ne samo kao stru\u010dnjakinja, ve\u0107 i kao pionir u kori\u0161tenju ekolo\u0161ki [&hellip;]<\/p>\n","protected":false},"author":3,"featured_media":7920,"comment_status":"open","ping_status":"closed","sticky":false,"template":"","format":"standard","meta":{"footnotes":""},"categories":[40],"tags":[],"class_list":{"0":"post-7918","1":"post","2":"type-post","3":"status-publish","4":"format-standard","5":"has-post-thumbnail","7":"category-djevoke-za-promjene","8":"czr-hentry"},"_links":{"self":[{"href":"https:\/\/lan.ba\/udruzenjegradjanalan\/wp-json\/wp\/v2\/posts\/7918","targetHints":{"allow":["GET"]}}],"collection":[{"href":"https:\/\/lan.ba\/udruzenjegradjanalan\/wp-json\/wp\/v2\/posts"}],"about":[{"href":"https:\/\/lan.ba\/udruzenjegradjanalan\/wp-json\/wp\/v2\/types\/post"}],"author":[{"embeddable":true,"href":"https:\/\/lan.ba\/udruzenjegradjanalan\/wp-json\/wp\/v2\/users\/3"}],"replies":[{"embeddable":true,"href":"https:\/\/lan.ba\/udruzenjegradjanalan\/wp-json\/wp\/v2\/comments?post=7918"}],"version-history":[{"count":2,"href":"https:\/\/lan.ba\/udruzenjegradjanalan\/wp-json\/wp\/v2\/posts\/7918\/revisions"}],"predecessor-version":[{"id":7928,"href":"https:\/\/lan.ba\/udruzenjegradjanalan\/wp-json\/wp\/v2\/posts\/7918\/revisions\/7928"}],"wp:featuredmedia":[{"embeddable":true,"href":"https:\/\/lan.ba\/udruzenjegradjanalan\/wp-json\/wp\/v2\/media\/7920"}],"wp:attachment":[{"href":"https:\/\/lan.ba\/udruzenjegradjanalan\/wp-json\/wp\/v2\/media?parent=7918"}],"wp:term":[{"taxonomy":"category","embeddable":true,"href":"https:\/\/lan.ba\/udruzenjegradjanalan\/wp-json\/wp\/v2\/categories?post=7918"},{"taxonomy":"post_tag","embeddable":true,"href":"https:\/\/lan.ba\/udruzenjegradjanalan\/wp-json\/wp\/v2\/tags?post=7918"}],"curies":[{"name":"wp","href":"https:\/\/api.w.org\/{rel}","templated":true}]}}