{"id":7955,"date":"2024-09-27T14:46:46","date_gmt":"2024-09-27T13:46:46","guid":{"rendered":"http:\/\/lan.ba\/udruzenjegradjanalan\/?p=7955"},"modified":"2024-09-27T14:47:47","modified_gmt":"2024-09-27T13:47:47","slug":"medunarodni-dan-mira-zajedno-protiv-rodno-uvjetovanog-nasilja-2","status":"publish","type":"post","link":"https:\/\/lan.ba\/udruzenjegradjanalan\/2024\/09\/27\/medunarodni-dan-mira-zajedno-protiv-rodno-uvjetovanog-nasilja-2\/","title":{"rendered":"Me\u0111unarodni dan mira: Zajedno protiv rodno uvjetovanog nasilja"},"content":{"rendered":"\n<figure class=\"wp-block-embed is-type-wp-embed is-provider-udruzenje-mreza-za-izgradnju-mira wp-block-embed-udruzenje-mreza-za-izgradnju-mira\"><div class=\"wp-block-embed__wrapper\">\n<blockquote class=\"wp-embedded-content\" data-secret=\"RFSrlTqCX5\"><a href=\"https:\/\/www.mreza-mira.net\/vijesti\/seminari-treninzi\/medunarodni-dan-mira-zajedno-protiv-rodno-uvjetovanog-nasilja\/\">Me\u0111unarodni dan mira: Zajedno protiv rodno uvjetovanog nasilja<\/a><\/blockquote><iframe loading=\"lazy\" class=\"wp-embedded-content\" sandbox=\"allow-scripts\" security=\"restricted\" style=\"position: absolute; clip: rect(1px, 1px, 1px, 1px);\" title=\"&#8220;Me\u0111unarodni dan mira: Zajedno protiv rodno uvjetovanog nasilja&#8221; &#8212; Udru\u017eenje mre\u017ea za izgradnju mira\" src=\"https:\/\/www.mreza-mira.net\/vijesti\/seminari-treninzi\/medunarodni-dan-mira-zajedno-protiv-rodno-uvjetovanog-nasilja\/embed\/#?secret=Xywa8AcJ56#?secret=RFSrlTqCX5\" data-secret=\"RFSrlTqCX5\" width=\"600\" height=\"338\" frameborder=\"0\" marginwidth=\"0\" marginheight=\"0\" scrolling=\"no\"><\/iframe>\n<\/div><\/figure>\n","protected":false},"excerpt":{"rendered":"","protected":false},"author":3,"featured_media":4495,"comment_status":"open","ping_status":"closed","sticky":false,"template":"","format":"standard","meta":{"footnotes":""},"categories":[40],"tags":[],"class_list":{"0":"post-7955","1":"post","2":"type-post","3":"status-publish","4":"format-standard","5":"has-post-thumbnail","7":"category-djevoke-za-promjene","8":"czr-hentry"},"_links":{"self":[{"href":"https:\/\/lan.ba\/udruzenjegradjanalan\/wp-json\/wp\/v2\/posts\/7955","targetHints":{"allow":["GET"]}}],"collection":[{"href":"https:\/\/lan.ba\/udruzenjegradjanalan\/wp-json\/wp\/v2\/posts"}],"about":[{"href":"https:\/\/lan.ba\/udruzenjegradjanalan\/wp-json\/wp\/v2\/types\/post"}],"author":[{"embeddable":true,"href":"https:\/\/lan.ba\/udruzenjegradjanalan\/wp-json\/wp\/v2\/users\/3"}],"replies":[{"embeddable":true,"href":"https:\/\/lan.ba\/udruzenjegradjanalan\/wp-json\/wp\/v2\/comments?post=7955"}],"version-history":[{"count":1,"href":"https:\/\/lan.ba\/udruzenjegradjanalan\/wp-json\/wp\/v2\/posts\/7955\/revisions"}],"predecessor-version":[{"id":7956,"href":"https:\/\/lan.ba\/udruzenjegradjanalan\/wp-json\/wp\/v2\/posts\/7955\/revisions\/7956"}],"wp:featuredmedia":[{"embeddable":true,"href":"https:\/\/lan.ba\/udruzenjegradjanalan\/wp-json\/wp\/v2\/media\/4495"}],"wp:attachment":[{"href":"https:\/\/lan.ba\/udruzenjegradjanalan\/wp-json\/wp\/v2\/media?parent=7955"}],"wp:term":[{"taxonomy":"category","embeddable":true,"href":"https:\/\/lan.ba\/udruzenjegradjanalan\/wp-json\/wp\/v2\/categories?post=7955"},{"taxonomy":"post_tag","embeddable":true,"href":"https:\/\/lan.ba\/udruzenjegradjanalan\/wp-json\/wp\/v2\/tags?post=7955"}],"curies":[{"name":"wp","href":"https:\/\/api.w.org\/{rel}","templated":true}]}}