{"id":7957,"date":"2024-09-28T14:13:26","date_gmt":"2024-09-28T13:13:26","guid":{"rendered":"http:\/\/lan.ba\/udruzenjegradjanalan\/?p=7957"},"modified":"2024-09-28T14:17:08","modified_gmt":"2024-09-28T13:17:08","slug":"inspirativni-susret-mladih-djevojaka-sa-uspjesnim-zenama","status":"publish","type":"post","link":"https:\/\/lan.ba\/udruzenjegradjanalan\/2024\/09\/28\/inspirativni-susret-mladih-djevojaka-sa-uspjesnim-zenama\/","title":{"rendered":"Inspirativni susret mladih djevojaka sa uspje\u0161nim \u017eenama"},"content":{"rendered":"\n<p>U okviru projekta &#8220;Djevojke za promjene&#8221;, odr\u017ean je inspirativan susret mladih djevojaka sa uspje\u0161nim \u017eenama iz razli\u010ditih oblasti.<\/p>\n\n\n\n<p>Cilj ovog doga\u0111aja bio je osna\u017eiti djevojke i pokazati im da, bez obzira na prepreke, mogu posti\u0107i svoje ciljeve uz trud, obrazovanje i podr\u0161ku. <\/p>\n\n\n\n<p>Razgovaralo se o va\u017enosti obrazovanja, samopouzdanja i snala\u017eljivosti u savremenom svijetu, kao i o tome kako prevazi\u0107i stereotipe i prepreke s kojima se \u017eene \u010desto susre\u0107u. <\/p>\n\n\n\n<p>Projekt Djevojke za promjene finansijski podr\u017eava Ekumenska inicijativa \u017eena iz Omi\u0161a, Republika Hrvatska.<\/p>\n\n\n\n<p><a href=\"https:\/\/www.facebook.com\/hashtag\/civilsocietycooperation?__eep__=6&amp;__cft__[0]=AZXdrjd04EaueLsGq96Bi_aCyHMP0x3UypsOcvSmlvXXWRGjj9qpTY4Tzm4mWHRRLX85CEP2hpx64t_QAxLy2OVRwe7A2djOjlXmJgZw3-Qd6VJBBm3zSQgYV6mNrV_6cSHVMphoUesgWhwrj1-CnM_UOEjeKwWZbpVzaEERbvGaFJ5YIxPVDbQt73RHRnsYvmE&amp;__tn__=*NK-R\">#CivilSocietyCooperation<\/a><\/p>\n\n\n\n<p>@ekumenskainicijativa.zena<\/p>\n\n\n\n<p>@AuswaertigesAmt<\/p>\n\n\n\n<p>@filia<\/p>\n","protected":false},"excerpt":{"rendered":"<p>U okviru projekta &#8220;Djevojke za promjene&#8221;, odr\u017ean je inspirativan susret mladih djevojaka sa uspje\u0161nim \u017eenama iz razli\u010ditih oblasti. Cilj ovog doga\u0111aja bio je osna\u017eiti djevojke i pokazati im da, bez obzira na prepreke, mogu posti\u0107i svoje ciljeve uz trud, obrazovanje i podr\u0161ku. Razgovaralo se o va\u017enosti obrazovanja, samopouzdanja i snala\u017eljivosti u savremenom svijetu, kao i [&hellip;]<\/p>\n","protected":false},"author":3,"featured_media":0,"comment_status":"open","ping_status":"closed","sticky":false,"template":"","format":"standard","meta":{"footnotes":""},"categories":[40],"tags":[],"class_list":{"0":"post-7957","1":"post","2":"type-post","3":"status-publish","4":"format-standard","6":"category-djevoke-za-promjene","7":"czr-hentry"},"_links":{"self":[{"href":"https:\/\/lan.ba\/udruzenjegradjanalan\/wp-json\/wp\/v2\/posts\/7957","targetHints":{"allow":["GET"]}}],"collection":[{"href":"https:\/\/lan.ba\/udruzenjegradjanalan\/wp-json\/wp\/v2\/posts"}],"about":[{"href":"https:\/\/lan.ba\/udruzenjegradjanalan\/wp-json\/wp\/v2\/types\/post"}],"author":[{"embeddable":true,"href":"https:\/\/lan.ba\/udruzenjegradjanalan\/wp-json\/wp\/v2\/users\/3"}],"replies":[{"embeddable":true,"href":"https:\/\/lan.ba\/udruzenjegradjanalan\/wp-json\/wp\/v2\/comments?post=7957"}],"version-history":[{"count":2,"href":"https:\/\/lan.ba\/udruzenjegradjanalan\/wp-json\/wp\/v2\/posts\/7957\/revisions"}],"predecessor-version":[{"id":7964,"href":"https:\/\/lan.ba\/udruzenjegradjanalan\/wp-json\/wp\/v2\/posts\/7957\/revisions\/7964"}],"wp:attachment":[{"href":"https:\/\/lan.ba\/udruzenjegradjanalan\/wp-json\/wp\/v2\/media?parent=7957"}],"wp:term":[{"taxonomy":"category","embeddable":true,"href":"https:\/\/lan.ba\/udruzenjegradjanalan\/wp-json\/wp\/v2\/categories?post=7957"},{"taxonomy":"post_tag","embeddable":true,"href":"https:\/\/lan.ba\/udruzenjegradjanalan\/wp-json\/wp\/v2\/tags?post=7957"}],"curies":[{"name":"wp","href":"https:\/\/api.w.org\/{rel}","templated":true}]}}