{"id":9818,"date":"2026-03-04T17:03:25","date_gmt":"2026-03-04T16:03:25","guid":{"rendered":"https:\/\/lan.ba\/udruzenjegradjanalan\/?p=9818"},"modified":"2026-03-04T17:03:27","modified_gmt":"2026-03-04T16:03:27","slug":"novi-projekt-udruzenja-lan-ja-mogu-osnazivanje-djece-kroz-neformalnu-edukaciju","status":"publish","type":"post","link":"https:\/\/lan.ba\/udruzenjegradjanalan\/2026\/03\/04\/novi-projekt-udruzenja-lan-ja-mogu-osnazivanje-djece-kroz-neformalnu-edukaciju\/","title":{"rendered":"Novi projekt Udru\u017eenja LAN, Ja mogu \u2013 osna\u017eivanje djece kroz neformalnu edukaciju"},"content":{"rendered":"\n<p>Projekt Udru\u017eenja LAN <strong>\u201eJa mogu &#8211; osna\u017eivanje djece kroz neformalnu edukaciju\u201c <\/strong>provodi se u periodu    1. 3. &#8211; 31. 10. 2026. godine u okviru Regionalnog programa lokalne demokratije na Zapadnom Balkanu 3 &#8211; ReLOaD-3 koji finansira Evropska unija (EU) a provodi Razvojni program Ujedinjenih nacija (UNDP) u partnerstvu sa 14 op\u0107ina i gradova u BiH uklju\u010duju\u0107i i Grad Biha\u0107. Projekt \u201cJa mogu &#8211; osna\u017eivanje djece kroz neformalnu edukaciju\u201d sufinansira Grad Biha\u0107.<\/p>\n\n\n\n<p><strong>Projekt \u201eJa mogu \u2013 osna\u017eivanje djece kroz neformalnu edukaciju\u201c<\/strong> je usmjeren na ja\u010danje li\u010dnih, socijalnih i obrazovnih kompetencija djece uzrasta od 12 do 15 godina, kroz primjenu suvremenih metoda neformalnog u\u010denja. Projekt odgovara na prepoznate potrebe djece za razvojem samopouzdanja, kriti\u010dkog mi\u0161ljenja, komunikacijskih vje\u0161tina i aktivnog u\u010de\u0161\u0107a u zajednici, koje formalni obrazovni sistem \u010desto ne uspijeva u potpunosti obuhvatiti. Kroz niz edukativnih, kreativnih i participativnih aktivnosti (radionice, treninge, interaktivna predavanja, grupni rad, mentorsku podr\u0161ku i prakti\u010dne zadatke), omogu\u0107it \u0107emo djeci sigurno i poticajno okru\u017eenje za u\u010denje, izra\u017eavanje i razvoj vlastitih potencijala. Poseban naglasak stavlja se na inkluzivnost, po\u0161tivanje razli\u010ditosti i razvoj pozitivnih vrijednosti, kao i na ja\u010danje otpornosti djece na sve prisutnije negativne dru\u0161tvene utjecaje.<\/p>\n\n\n\n<p><strong>Sveukupni cilj na\u0161eg projekta je:<\/strong> Doprinijeti osna\u017eivanju djece uzrasta 12 do 15 godina kroz kvalitetne programe neformalne edukacije, s ciljem razvoja primjenjivih kompetencija za 21. stolje\u0107e (li\u010dnih, socijalnih i gra\u0111anskih).<\/p>\n\n\n\n<p><strong>O\u010dekivani rezultati projekta su:<\/strong><\/p>\n\n\n\n<p>&#8211; Unaprije\u0111ene klju\u010dne \u017eivotne i socijalne vje\u0161tine kod 60 djece \u2013 u\u010desnica i u\u010desnika projekta<\/p>\n\n\n\n<p>&#8211; Promovirani zdravi \u017eivotni stilovi i timski duh kroz inovativne rekreativne i sportske aktivnosti<\/p>\n\n\n\n<p>&#8211; Oja\u010dana suradnja na lokalnom nivou izme\u0111u nevladinog sektora, odgojno-obrazovnih ustanova i sportskih klubova grada Biha\u0107a.<\/p>\n\n\n\n<p><strong>Projekt \u0107e se realizirati u periodu 1. 3. &#8211; 31. 10. 2026. godine na podru\u010dju grada Biha\u0107a.<\/strong><\/p>\n\n\n\n<p>Kontakt osoba za vi\u0161e detalja je dr.sc. Izolda Osmanagi\u0107, predsjednica Udru\u017eenja<\/p>\n\n\n\n<p>Link za vi\u0161e informacija o ReLOaD programu: <\/p>\n\n\n\n<p><a href=\"https:\/\/www.undp.org\/bs\/bosnia-herzegovina\/projects\/regionalni-program-lokalne-demokratije-na-zapadnom-balkanu-3-reload3\">https:\/\/www.undp.org\/bs\/bosnia-herzegovina\/projects\/regionalni-program-lokalne-demokratije-na-zapadnom-balkanu-3-reload3<\/a><\/p>\n","protected":false},"excerpt":{"rendered":"<p>Projekt Udru\u017eenja LAN \u201eJa mogu &#8211; osna\u017eivanje djece kroz neformalnu edukaciju\u201c provodi se u periodu 1. 3. &#8211; 31. 10. 2026. godine u okviru Regionalnog programa lokalne demokratije na Zapadnom Balkanu 3 &#8211; ReLOaD-3 koji finansira Evropska unija (EU) a provodi Razvojni program Ujedinjenih nacija (UNDP) u partnerstvu sa 14 op\u0107ina i gradova u BiH [&hellip;]<\/p>\n","protected":false},"author":3,"featured_media":9819,"comment_status":"open","ping_status":"closed","sticky":false,"template":"","format":"standard","meta":{"footnotes":""},"categories":[58],"tags":[],"class_list":{"0":"post-9818","1":"post","2":"type-post","3":"status-publish","4":"format-standard","5":"has-post-thumbnail","7":"category-ja-mogu-osnazivanje-djece-kroz-neformalnu-edukaciju","8":"czr-hentry"},"_links":{"self":[{"href":"https:\/\/lan.ba\/udruzenjegradjanalan\/wp-json\/wp\/v2\/posts\/9818","targetHints":{"allow":["GET"]}}],"collection":[{"href":"https:\/\/lan.ba\/udruzenjegradjanalan\/wp-json\/wp\/v2\/posts"}],"about":[{"href":"https:\/\/lan.ba\/udruzenjegradjanalan\/wp-json\/wp\/v2\/types\/post"}],"author":[{"embeddable":true,"href":"https:\/\/lan.ba\/udruzenjegradjanalan\/wp-json\/wp\/v2\/users\/3"}],"replies":[{"embeddable":true,"href":"https:\/\/lan.ba\/udruzenjegradjanalan\/wp-json\/wp\/v2\/comments?post=9818"}],"version-history":[{"count":1,"href":"https:\/\/lan.ba\/udruzenjegradjanalan\/wp-json\/wp\/v2\/posts\/9818\/revisions"}],"predecessor-version":[{"id":9820,"href":"https:\/\/lan.ba\/udruzenjegradjanalan\/wp-json\/wp\/v2\/posts\/9818\/revisions\/9820"}],"wp:featuredmedia":[{"embeddable":true,"href":"https:\/\/lan.ba\/udruzenjegradjanalan\/wp-json\/wp\/v2\/media\/9819"}],"wp:attachment":[{"href":"https:\/\/lan.ba\/udruzenjegradjanalan\/wp-json\/wp\/v2\/media?parent=9818"}],"wp:term":[{"taxonomy":"category","embeddable":true,"href":"https:\/\/lan.ba\/udruzenjegradjanalan\/wp-json\/wp\/v2\/categories?post=9818"},{"taxonomy":"post_tag","embeddable":true,"href":"https:\/\/lan.ba\/udruzenjegradjanalan\/wp-json\/wp\/v2\/tags?post=9818"}],"curies":[{"name":"wp","href":"https:\/\/api.w.org\/{rel}","templated":true}]}}