{"id":9832,"date":"2026-03-09T18:58:23","date_gmt":"2026-03-09T17:58:23","guid":{"rendered":"https:\/\/lan.ba\/udruzenjegradjanalan\/?p=9832"},"modified":"2026-03-09T18:58:23","modified_gmt":"2026-03-09T17:58:23","slug":"volonterska-akcija-povodom-8-marta-medunarodnog-dana-zena","status":"publish","type":"post","link":"https:\/\/lan.ba\/udruzenjegradjanalan\/2026\/03\/09\/volonterska-akcija-povodom-8-marta-medunarodnog-dana-zena\/","title":{"rendered":"Volonterska akcija povodom 8. marta &#8211; Me\u0111unarodnog dana \u017eena"},"content":{"rendered":"\n<p>Povodom 8. marta &#8211; Me\u0111unarodnog dana \u017eena, u Bosanskoj Krupi organizirana je volonterska akcija koja je unijela osmijeh i toplinu na gradske ulice.<\/p>\n\n\n\n<p>Volonterke i volonteri <a href=\"https:\/\/www.facebook.com\/mladibosanskakrupa?__cft__[0]=AZY2EtxtzDd7EV4JVCSlHMLWX2UQJlkgrY7QMwY1hZ9g3mzFAKjhtrVOrxwfClRVVMmG-EkDNztVXcZDhFWF__WhbYQbE0530YwbAbM4npVu1bJ-lzBhRUxbzM07NstlmwUUjN25zINOrhXmuDnFLuh-R3bA-_j6x0x3F3sZD1rYWIOpnRdfjmnB9_b_qSAvymg&amp;__tn__=-]K-R\">Vije\u0107a mladih Bosanska Krupa<\/a>, u partnerstvu sa Udru\u017eenjem LAN, odlu\u010dili su na poseban na\u010din obilje\u017eiti ovaj dan posve\u0107en \u017eenama.<\/p>\n\n\n\n<p>Mladi su s puno pa\u017enje i ljubavi pripremili \u010destitke, koje su potom dijelili zajedno sa malim slatkim poklonima. Svaka \u010destitka nosila je poruku zahvalnosti, po\u0161tovanja i podr\u0161ke \u017eenama koje svakodnevno svojim radom, brigom i snagom \u010dine na\u0161u zajednicu ljep\u0161im mjestom za \u017eivot.<\/p>\n\n\n\n<p>Bilo je dirljivo vidjeti koliko radosti mo\u017ee donijeti jednostavan znak pa\u017enje \u2013 lijepa rije\u010d, osmijeh i poruka da \u017eene nisu same i da se njihov doprinos dru\u0161tvu vidi i cijeni.<\/p>\n\n\n\n<p>Volonterke i volonteri pokazali su da solidarnost, pa\u017enja i empatija i dalje imaju posebno mjesto u na\u0161oj zajednici.<\/p>\n\n\n\n<p>Na ovaj na\u010din Bosanska Krupa je jo\u0161 jednom pokazala da ima veliko srce, a mladi ljudi dokazali da su upravo oni pokreta\u010di pozitivnih promjena u dru\u0161tvu.<\/p>\n\n\n\n<figure class=\"wp-block-gallery has-nested-images columns-1 is-cropped wp-block-gallery-1 is-layout-flex wp-block-gallery-is-layout-flex\">\n<figure class=\"wp-block-image size-large\"><img loading=\"lazy\" decoding=\"async\" width=\"768\" height=\"1024\" data-id=\"9833\" src=\"https:\/\/lan.ba\/udruzenjegradjanalan\/wp-content\/uploads\/2026\/03\/646862723_1236957195085051_7339402468328744506_n-768x1024.jpg\" alt=\"\" class=\"wp-image-9833\" srcset=\"https:\/\/lan.ba\/udruzenjegradjanalan\/wp-content\/uploads\/2026\/03\/646862723_1236957195085051_7339402468328744506_n-768x1024.jpg 768w, https:\/\/lan.ba\/udruzenjegradjanalan\/wp-content\/uploads\/2026\/03\/646862723_1236957195085051_7339402468328744506_n-225x300.jpg 225w, https:\/\/lan.ba\/udruzenjegradjanalan\/wp-content\/uploads\/2026\/03\/646862723_1236957195085051_7339402468328744506_n-1152x1536.jpg 1152w, https:\/\/lan.ba\/udruzenjegradjanalan\/wp-content\/uploads\/2026\/03\/646862723_1236957195085051_7339402468328744506_n.jpg 1200w\" sizes=\"auto, (max-width: 768px) 100vw, 768px\" \/><\/figure>\n\n\n\n<figure class=\"wp-block-image size-large\"><img loading=\"lazy\" decoding=\"async\" width=\"768\" height=\"1024\" data-id=\"9835\" src=\"https:\/\/lan.ba\/udruzenjegradjanalan\/wp-content\/uploads\/2026\/03\/648475747_1236957048418399_4768813280530506814_n-768x1024.jpg\" alt=\"\" class=\"wp-image-9835\" srcset=\"https:\/\/lan.ba\/udruzenjegradjanalan\/wp-content\/uploads\/2026\/03\/648475747_1236957048418399_4768813280530506814_n-768x1024.jpg 768w, https:\/\/lan.ba\/udruzenjegradjanalan\/wp-content\/uploads\/2026\/03\/648475747_1236957048418399_4768813280530506814_n-225x300.jpg 225w, https:\/\/lan.ba\/udruzenjegradjanalan\/wp-content\/uploads\/2026\/03\/648475747_1236957048418399_4768813280530506814_n-1152x1536.jpg 1152w, https:\/\/lan.ba\/udruzenjegradjanalan\/wp-content\/uploads\/2026\/03\/648475747_1236957048418399_4768813280530506814_n.jpg 1200w\" sizes=\"auto, (max-width: 768px) 100vw, 768px\" \/><\/figure>\n\n\n\n<figure class=\"wp-block-image size-large\"><img loading=\"lazy\" decoding=\"async\" width=\"768\" height=\"1024\" data-id=\"9836\" src=\"https:\/\/lan.ba\/udruzenjegradjanalan\/wp-content\/uploads\/2026\/03\/649487154_1236957005085070_8906362953266380688_n-768x1024.jpg\" alt=\"\" class=\"wp-image-9836\" srcset=\"https:\/\/lan.ba\/udruzenjegradjanalan\/wp-content\/uploads\/2026\/03\/649487154_1236957005085070_8906362953266380688_n-768x1024.jpg 768w, https:\/\/lan.ba\/udruzenjegradjanalan\/wp-content\/uploads\/2026\/03\/649487154_1236957005085070_8906362953266380688_n-225x300.jpg 225w, https:\/\/lan.ba\/udruzenjegradjanalan\/wp-content\/uploads\/2026\/03\/649487154_1236957005085070_8906362953266380688_n-1152x1536.jpg 1152w, https:\/\/lan.ba\/udruzenjegradjanalan\/wp-content\/uploads\/2026\/03\/649487154_1236957005085070_8906362953266380688_n.jpg 1200w\" sizes=\"auto, (max-width: 768px) 100vw, 768px\" \/><\/figure>\n\n\n\n<figure class=\"wp-block-image size-large\"><img loading=\"lazy\" decoding=\"async\" width=\"768\" height=\"1024\" data-id=\"9834\" src=\"https:\/\/lan.ba\/udruzenjegradjanalan\/wp-content\/uploads\/2026\/03\/649670142_1236956958418408_253250658761413169_n-768x1024.jpg\" alt=\"\" class=\"wp-image-9834\" srcset=\"https:\/\/lan.ba\/udruzenjegradjanalan\/wp-content\/uploads\/2026\/03\/649670142_1236956958418408_253250658761413169_n-768x1024.jpg 768w, https:\/\/lan.ba\/udruzenjegradjanalan\/wp-content\/uploads\/2026\/03\/649670142_1236956958418408_253250658761413169_n-225x300.jpg 225w, https:\/\/lan.ba\/udruzenjegradjanalan\/wp-content\/uploads\/2026\/03\/649670142_1236956958418408_253250658761413169_n-1152x1536.jpg 1152w, https:\/\/lan.ba\/udruzenjegradjanalan\/wp-content\/uploads\/2026\/03\/649670142_1236956958418408_253250658761413169_n.jpg 1200w\" sizes=\"auto, (max-width: 768px) 100vw, 768px\" \/><\/figure>\n\n\n\n<figure class=\"wp-block-image size-large\"><img loading=\"lazy\" decoding=\"async\" width=\"1024\" height=\"768\" data-id=\"9837\" src=\"https:\/\/lan.ba\/udruzenjegradjanalan\/wp-content\/uploads\/2026\/03\/647524047_1236956918418412_9024291462308703140_n-1024x768.jpg\" alt=\"\" class=\"wp-image-9837\" srcset=\"https:\/\/lan.ba\/udruzenjegradjanalan\/wp-content\/uploads\/2026\/03\/647524047_1236956918418412_9024291462308703140_n-1024x768.jpg 1024w, https:\/\/lan.ba\/udruzenjegradjanalan\/wp-content\/uploads\/2026\/03\/647524047_1236956918418412_9024291462308703140_n-300x225.jpg 300w, https:\/\/lan.ba\/udruzenjegradjanalan\/wp-content\/uploads\/2026\/03\/647524047_1236956918418412_9024291462308703140_n-768x576.jpg 768w, https:\/\/lan.ba\/udruzenjegradjanalan\/wp-content\/uploads\/2026\/03\/647524047_1236956918418412_9024291462308703140_n-1536x1152.jpg 1536w, https:\/\/lan.ba\/udruzenjegradjanalan\/wp-content\/uploads\/2026\/03\/647524047_1236956918418412_9024291462308703140_n.jpg 1600w\" sizes=\"auto, (max-width: 1024px) 100vw, 1024px\" \/><\/figure>\n\n\n\n<figure class=\"wp-block-image size-large\"><img loading=\"lazy\" decoding=\"async\" width=\"576\" height=\"1024\" data-id=\"9838\" src=\"https:\/\/lan.ba\/udruzenjegradjanalan\/wp-content\/uploads\/2026\/03\/646926768_1236956875085083_5965708578708601678_n-576x1024.jpg\" alt=\"\" class=\"wp-image-9838\" srcset=\"https:\/\/lan.ba\/udruzenjegradjanalan\/wp-content\/uploads\/2026\/03\/646926768_1236956875085083_5965708578708601678_n-576x1024.jpg 576w, https:\/\/lan.ba\/udruzenjegradjanalan\/wp-content\/uploads\/2026\/03\/646926768_1236956875085083_5965708578708601678_n-169x300.jpg 169w, https:\/\/lan.ba\/udruzenjegradjanalan\/wp-content\/uploads\/2026\/03\/646926768_1236956875085083_5965708578708601678_n-768x1365.jpg 768w, https:\/\/lan.ba\/udruzenjegradjanalan\/wp-content\/uploads\/2026\/03\/646926768_1236956875085083_5965708578708601678_n-864x1536.jpg 864w, https:\/\/lan.ba\/udruzenjegradjanalan\/wp-content\/uploads\/2026\/03\/646926768_1236956875085083_5965708578708601678_n.jpg 1152w\" sizes=\"auto, (max-width: 576px) 100vw, 576px\" \/><\/figure>\n\n\n\n<figure class=\"wp-block-image size-large\"><img loading=\"lazy\" decoding=\"async\" width=\"576\" height=\"1024\" data-id=\"9839\" src=\"https:\/\/lan.ba\/udruzenjegradjanalan\/wp-content\/uploads\/2026\/03\/647168591_1236956831751754_9069059068942652623_n-576x1024.jpg\" alt=\"\" class=\"wp-image-9839\" srcset=\"https:\/\/lan.ba\/udruzenjegradjanalan\/wp-content\/uploads\/2026\/03\/647168591_1236956831751754_9069059068942652623_n-576x1024.jpg 576w, https:\/\/lan.ba\/udruzenjegradjanalan\/wp-content\/uploads\/2026\/03\/647168591_1236956831751754_9069059068942652623_n-169x300.jpg 169w, https:\/\/lan.ba\/udruzenjegradjanalan\/wp-content\/uploads\/2026\/03\/647168591_1236956831751754_9069059068942652623_n-768x1365.jpg 768w, https:\/\/lan.ba\/udruzenjegradjanalan\/wp-content\/uploads\/2026\/03\/647168591_1236956831751754_9069059068942652623_n-864x1536.jpg 864w, https:\/\/lan.ba\/udruzenjegradjanalan\/wp-content\/uploads\/2026\/03\/647168591_1236956831751754_9069059068942652623_n.jpg 1152w\" sizes=\"auto, (max-width: 576px) 100vw, 576px\" \/><\/figure>\n\n\n\n<figure class=\"wp-block-image size-large\"><img loading=\"lazy\" decoding=\"async\" width=\"768\" height=\"1024\" data-id=\"9840\" src=\"https:\/\/lan.ba\/udruzenjegradjanalan\/wp-content\/uploads\/2026\/03\/648818797_1236956801751757_4678050349074623513_n-768x1024.jpg\" alt=\"\" class=\"wp-image-9840\" srcset=\"https:\/\/lan.ba\/udruzenjegradjanalan\/wp-content\/uploads\/2026\/03\/648818797_1236956801751757_4678050349074623513_n-768x1024.jpg 768w, https:\/\/lan.ba\/udruzenjegradjanalan\/wp-content\/uploads\/2026\/03\/648818797_1236956801751757_4678050349074623513_n-225x300.jpg 225w, https:\/\/lan.ba\/udruzenjegradjanalan\/wp-content\/uploads\/2026\/03\/648818797_1236956801751757_4678050349074623513_n-1152x1536.jpg 1152w, https:\/\/lan.ba\/udruzenjegradjanalan\/wp-content\/uploads\/2026\/03\/648818797_1236956801751757_4678050349074623513_n.jpg 1200w\" sizes=\"auto, (max-width: 768px) 100vw, 768px\" \/><\/figure>\n\n\n\n<figure class=\"wp-block-image size-large\"><img loading=\"lazy\" decoding=\"async\" width=\"1024\" height=\"768\" data-id=\"9841\" src=\"https:\/\/lan.ba\/udruzenjegradjanalan\/wp-content\/uploads\/2026\/03\/647565505_1236956748418429_5607649100933814890_n-1024x768.jpg\" alt=\"\" class=\"wp-image-9841\" srcset=\"https:\/\/lan.ba\/udruzenjegradjanalan\/wp-content\/uploads\/2026\/03\/647565505_1236956748418429_5607649100933814890_n-1024x768.jpg 1024w, https:\/\/lan.ba\/udruzenjegradjanalan\/wp-content\/uploads\/2026\/03\/647565505_1236956748418429_5607649100933814890_n-300x225.jpg 300w, https:\/\/lan.ba\/udruzenjegradjanalan\/wp-content\/uploads\/2026\/03\/647565505_1236956748418429_5607649100933814890_n-768x576.jpg 768w, https:\/\/lan.ba\/udruzenjegradjanalan\/wp-content\/uploads\/2026\/03\/647565505_1236956748418429_5607649100933814890_n-1536x1152.jpg 1536w, https:\/\/lan.ba\/udruzenjegradjanalan\/wp-content\/uploads\/2026\/03\/647565505_1236956748418429_5607649100933814890_n.jpg 1600w\" sizes=\"auto, (max-width: 1024px) 100vw, 1024px\" \/><\/figure>\n\n\n\n<figure class=\"wp-block-image size-large\"><img loading=\"lazy\" decoding=\"async\" width=\"576\" height=\"1024\" data-id=\"9842\" src=\"https:\/\/lan.ba\/udruzenjegradjanalan\/wp-content\/uploads\/2026\/03\/649155061_1236956701751767_1973306767376093364_n-576x1024.jpg\" alt=\"\" class=\"wp-image-9842\" srcset=\"https:\/\/lan.ba\/udruzenjegradjanalan\/wp-content\/uploads\/2026\/03\/649155061_1236956701751767_1973306767376093364_n-576x1024.jpg 576w, https:\/\/lan.ba\/udruzenjegradjanalan\/wp-content\/uploads\/2026\/03\/649155061_1236956701751767_1973306767376093364_n-169x300.jpg 169w, https:\/\/lan.ba\/udruzenjegradjanalan\/wp-content\/uploads\/2026\/03\/649155061_1236956701751767_1973306767376093364_n-768x1365.jpg 768w, https:\/\/lan.ba\/udruzenjegradjanalan\/wp-content\/uploads\/2026\/03\/649155061_1236956701751767_1973306767376093364_n-864x1536.jpg 864w, https:\/\/lan.ba\/udruzenjegradjanalan\/wp-content\/uploads\/2026\/03\/649155061_1236956701751767_1973306767376093364_n.jpg 1152w\" sizes=\"auto, (max-width: 576px) 100vw, 576px\" \/><\/figure>\n\n\n\n<figure class=\"wp-block-image size-large\"><img loading=\"lazy\" decoding=\"async\" width=\"1024\" height=\"768\" data-id=\"9843\" src=\"https:\/\/lan.ba\/udruzenjegradjanalan\/wp-content\/uploads\/2026\/03\/648647847_1236956648418439_8584167670265203798_n-1024x768.jpg\" alt=\"\" class=\"wp-image-9843\" srcset=\"https:\/\/lan.ba\/udruzenjegradjanalan\/wp-content\/uploads\/2026\/03\/648647847_1236956648418439_8584167670265203798_n-1024x768.jpg 1024w, https:\/\/lan.ba\/udruzenjegradjanalan\/wp-content\/uploads\/2026\/03\/648647847_1236956648418439_8584167670265203798_n-300x225.jpg 300w, https:\/\/lan.ba\/udruzenjegradjanalan\/wp-content\/uploads\/2026\/03\/648647847_1236956648418439_8584167670265203798_n-768x576.jpg 768w, https:\/\/lan.ba\/udruzenjegradjanalan\/wp-content\/uploads\/2026\/03\/648647847_1236956648418439_8584167670265203798_n-1536x1152.jpg 1536w, https:\/\/lan.ba\/udruzenjegradjanalan\/wp-content\/uploads\/2026\/03\/648647847_1236956648418439_8584167670265203798_n.jpg 1600w\" sizes=\"auto, (max-width: 1024px) 100vw, 1024px\" \/><\/figure>\n\n\n\n<figure class=\"wp-block-image size-large\"><img loading=\"lazy\" decoding=\"async\" width=\"1024\" height=\"576\" data-id=\"9844\" src=\"https:\/\/lan.ba\/udruzenjegradjanalan\/wp-content\/uploads\/2026\/03\/648091444_1236956595085111_8553954410268483641_n-1024x576.jpg\" alt=\"\" class=\"wp-image-9844\" srcset=\"https:\/\/lan.ba\/udruzenjegradjanalan\/wp-content\/uploads\/2026\/03\/648091444_1236956595085111_8553954410268483641_n-1024x576.jpg 1024w, https:\/\/lan.ba\/udruzenjegradjanalan\/wp-content\/uploads\/2026\/03\/648091444_1236956595085111_8553954410268483641_n-300x169.jpg 300w, https:\/\/lan.ba\/udruzenjegradjanalan\/wp-content\/uploads\/2026\/03\/648091444_1236956595085111_8553954410268483641_n-768x432.jpg 768w, https:\/\/lan.ba\/udruzenjegradjanalan\/wp-content\/uploads\/2026\/03\/648091444_1236956595085111_8553954410268483641_n-1536x864.jpg 1536w, https:\/\/lan.ba\/udruzenjegradjanalan\/wp-content\/uploads\/2026\/03\/648091444_1236956595085111_8553954410268483641_n-1110x624.jpg 1110w, https:\/\/lan.ba\/udruzenjegradjanalan\/wp-content\/uploads\/2026\/03\/648091444_1236956595085111_8553954410268483641_n-528x297.jpg 528w, https:\/\/lan.ba\/udruzenjegradjanalan\/wp-content\/uploads\/2026\/03\/648091444_1236956595085111_8553954410268483641_n.jpg 2048w\" sizes=\"auto, (max-width: 1024px) 100vw, 1024px\" \/><\/figure>\n\n\n\n<figure class=\"wp-block-image size-large\"><img loading=\"lazy\" decoding=\"async\" width=\"742\" height=\"1024\" data-id=\"9845\" src=\"https:\/\/lan.ba\/udruzenjegradjanalan\/wp-content\/uploads\/2026\/03\/646954744_1236956551751782_1828752050829346056_n-742x1024.jpg\" alt=\"\" class=\"wp-image-9845\" srcset=\"https:\/\/lan.ba\/udruzenjegradjanalan\/wp-content\/uploads\/2026\/03\/646954744_1236956551751782_1828752050829346056_n-742x1024.jpg 742w, https:\/\/lan.ba\/udruzenjegradjanalan\/wp-content\/uploads\/2026\/03\/646954744_1236956551751782_1828752050829346056_n-217x300.jpg 217w, https:\/\/lan.ba\/udruzenjegradjanalan\/wp-content\/uploads\/2026\/03\/646954744_1236956551751782_1828752050829346056_n-768x1060.jpg 768w, https:\/\/lan.ba\/udruzenjegradjanalan\/wp-content\/uploads\/2026\/03\/646954744_1236956551751782_1828752050829346056_n-1113x1536.jpg 1113w, https:\/\/lan.ba\/udruzenjegradjanalan\/wp-content\/uploads\/2026\/03\/646954744_1236956551751782_1828752050829346056_n.jpg 1146w\" sizes=\"auto, (max-width: 742px) 100vw, 742px\" \/><\/figure>\n<\/figure>\n\n\n\n<p><img loading=\"lazy\" decoding=\"async\" height=\"16\" width=\"16\" alt=\"\ud83c\udf1f\" src=\"https:\/\/static.xx.fbcdn.net\/images\/emoji.php\/v9\/te0\/1\/16\/1f31f.png\"> Volonterska akcija provedena je u okviru projekta Inkluzijom do napretka koji provodi Udru\u017eenje LAN u partnerstvu sa <a href=\"https:\/\/www.facebook.com\/secourspop77?__cft__[0]=AZY2EtxtzDd7EV4JVCSlHMLWX2UQJlkgrY7QMwY1hZ9g3mzFAKjhtrVOrxwfClRVVMmG-EkDNztVXcZDhFWF__WhbYQbE0530YwbAbM4npVu1bJ-lzBhRUxbzM07NstlmwUUjN25zINOrhXmuDnFLuh-R3bA-_j6x0x3F3sZD1rYWIOpnRdfjmnB9_b_qSAvymg&amp;__tn__=-]K-R\">Secours populaire Seine-et-Marne<\/a><\/p>\n","protected":false},"excerpt":{"rendered":"<p>Povodom 8. marta &#8211; Me\u0111unarodnog dana \u017eena, u Bosanskoj Krupi organizirana je volonterska akcija koja je unijela osmijeh i toplinu na gradske ulice. Volonterke i volonteri Vije\u0107a mladih Bosanska Krupa, u partnerstvu sa Udru\u017eenjem LAN, odlu\u010dili su na poseban na\u010din obilje\u017eiti ovaj dan posve\u0107en \u017eenama. Mladi su s puno pa\u017enje i ljubavi pripremili \u010destitke, koje [&hellip;]<\/p>\n","protected":false},"author":3,"featured_media":9833,"comment_status":"open","ping_status":"closed","sticky":false,"template":"","format":"standard","meta":{"footnotes":""},"categories":[44],"tags":[],"class_list":{"0":"post-9832","1":"post","2":"type-post","3":"status-publish","4":"format-standard","5":"has-post-thumbnail","7":"category-inkluzijom-do-napretka","8":"czr-hentry"},"_links":{"self":[{"href":"https:\/\/lan.ba\/udruzenjegradjanalan\/wp-json\/wp\/v2\/posts\/9832","targetHints":{"allow":["GET"]}}],"collection":[{"href":"https:\/\/lan.ba\/udruzenjegradjanalan\/wp-json\/wp\/v2\/posts"}],"about":[{"href":"https:\/\/lan.ba\/udruzenjegradjanalan\/wp-json\/wp\/v2\/types\/post"}],"author":[{"embeddable":true,"href":"https:\/\/lan.ba\/udruzenjegradjanalan\/wp-json\/wp\/v2\/users\/3"}],"replies":[{"embeddable":true,"href":"https:\/\/lan.ba\/udruzenjegradjanalan\/wp-json\/wp\/v2\/comments?post=9832"}],"version-history":[{"count":1,"href":"https:\/\/lan.ba\/udruzenjegradjanalan\/wp-json\/wp\/v2\/posts\/9832\/revisions"}],"predecessor-version":[{"id":9846,"href":"https:\/\/lan.ba\/udruzenjegradjanalan\/wp-json\/wp\/v2\/posts\/9832\/revisions\/9846"}],"wp:featuredmedia":[{"embeddable":true,"href":"https:\/\/lan.ba\/udruzenjegradjanalan\/wp-json\/wp\/v2\/media\/9833"}],"wp:attachment":[{"href":"https:\/\/lan.ba\/udruzenjegradjanalan\/wp-json\/wp\/v2\/media?parent=9832"}],"wp:term":[{"taxonomy":"category","embeddable":true,"href":"https:\/\/lan.ba\/udruzenjegradjanalan\/wp-json\/wp\/v2\/categories?post=9832"},{"taxonomy":"post_tag","embeddable":true,"href":"https:\/\/lan.ba\/udruzenjegradjanalan\/wp-json\/wp\/v2\/tags?post=9832"}],"curies":[{"name":"wp","href":"https:\/\/api.w.org\/{rel}","templated":true}]}}