{"id":9993,"date":"2026-04-30T17:05:19","date_gmt":"2026-04-30T16:05:19","guid":{"rendered":"https:\/\/lan.ba\/udruzenjegradjanalan\/?p=9993"},"modified":"2026-04-30T17:05:20","modified_gmt":"2026-04-30T16:05:20","slug":"radionica-za-ucenice-u-okviru-projekta-glas-djevojaka-snaga-zajednice","status":"publish","type":"post","link":"https:\/\/lan.ba\/udruzenjegradjanalan\/2026\/04\/30\/radionica-za-ucenice-u-okviru-projekta-glas-djevojaka-snaga-zajednice\/","title":{"rendered":"Radionica za u\u010denice u okviru projekta Glas djevojaka &#8211; snaga zajednice"},"content":{"rendered":"\n<p>U utorak 28. aprila 2026. godine odr\u017eana je prva radionica sa djevojkama iz <a href=\"https:\/\/www.facebook.com\/jumsbihac?__cft__[0]=AZZXJPg0l9QVWNidawy233G6NVQuTfALsy1TzJVo_a7fYcq3vNEa6Tclh0voa0qeDzJf6FLhV4VHnWcCesvOJnyUM3xBgCQz46OlEERItZNzRSvMX0kByivX4PuGBjixtPyVtEgC_FIlrGtP1rpDyKXn2XNUuvuctldjrMIfJ_gj83KxEjlPANdldV7sNYalr14&amp;__tn__=-]K-R\">JU Ma\u0161insko-saobra\u0107ajna mje\u0161ovita srednja \u0161kola Biha\u0107<\/a> u okviru projekta \u201eGlas djevojaka \u2013 snaga zajednice\u201c.<\/p>\n\n\n\n<p>Radionicu smo zapo\u010dele vje\u017ebom \u201eSimboli\u201c, kroz koju su se djevojke predstavile na kreativan na\u010din \u2013 biraju\u0107i simbole koji govore ne\u0161to o njima, njihovim osobinama, vrijednostima, snovima i onome \u0161to ih \u010dini posebnima.<\/p>\n\n\n\n<p>Razgovarale smo o \u017eenskim ljudskim pravima, va\u017enosti obrazovanja, ravnopravnosti i polo\u017eaju \u017eena u na\u0161em dru\u0161tvu.<\/p>\n\n\n\n<p>Zajedno smo promi\u0161ljale o tome gdje smo mi danas kada su prava \u017eena u pitanju, koliko smo kao dru\u0161tvo napredovali, ali i koje prepreke, stereotipi i nepravde jo\u0161 uvijek stoje pred djevojkama i \u017eenama.<\/p>\n\n\n\n<p>Posebno zanimljiv dio radionice bio je video u kojem su djeca mla\u0111eg uzrasta odgovarala na pitanja o \u201emu\u0161kim\u201c i \u201e\u017eenskim\u201c poslovima, kao i o razlikama u platama. Njihovi iskreni odgovori su nas nasmijali, ali i rastu\u017eili, jer su nas podsjetili koliko se rodni stereotipi u\u010de od najranije dobi.<\/p>\n\n\n\n<p>Poseban dio bio je posve\u0107en uticaju dru\u0161tvenih mre\u017ea na samopouzdanje i sliku o sebi. Zaklju\u010dile smo da u svijetu filtera, pore\u0111enja i \u201esavr\u0161enih\u201c profila nije uvijek lako ostati siguran u sebe, ali je upravo zato va\u017eno njegovati stvarnu, autenti\u010dnu verziju sebe.<\/p>\n\n\n\n<p>Zaklju\u010dak radionice bio je jasan: svaka djevojka ima pravo da bude po\u0161tovana, obrazovana, slobodna, sigurna i dovoljno hrabra da vjeruje u sebe \u2013 jer glas djevojaka zaista ima snagu da mijenja zajednicu.<\/p>\n\n\n\n<p>Projekt Glas djevojaka &#8211; snaga zajednice finansijski podr\u017eava <a href=\"https:\/\/www.facebook.com\/ekumenskainicijativa.zena?__cft__[0]=AZZXJPg0l9QVWNidawy233G6NVQuTfALsy1TzJVo_a7fYcq3vNEa6Tclh0voa0qeDzJf6FLhV4VHnWcCesvOJnyUM3xBgCQz46OlEERItZNzRSvMX0kByivX4PuGBjixtPyVtEgC_FIlrGtP1rpDyKXn2XNUuvuctldjrMIfJ_gj83KxEjlPANdldV7sNYalr14&amp;__tn__=-]K-R\">Ekumenska Inicijativa \u017dena &#8211; EWI<\/a> iz Omi\u0161a, Republika Hrvatska.<\/p>\n\n\n\n<figure class=\"wp-block-gallery has-nested-images columns-default is-cropped wp-block-gallery-1 is-layout-flex wp-block-gallery-is-layout-flex\">\n<figure class=\"wp-block-image size-large\"><img loading=\"lazy\" decoding=\"async\" width=\"1024\" height=\"768\" data-id=\"9994\" src=\"https:\/\/lan.ba\/udruzenjegradjanalan\/wp-content\/uploads\/2026\/04\/685992109_1276447284469375_6978848564359886927_n-1024x768.jpg\" alt=\"\" class=\"wp-image-9994\" srcset=\"https:\/\/lan.ba\/udruzenjegradjanalan\/wp-content\/uploads\/2026\/04\/685992109_1276447284469375_6978848564359886927_n-1024x768.jpg 1024w, https:\/\/lan.ba\/udruzenjegradjanalan\/wp-content\/uploads\/2026\/04\/685992109_1276447284469375_6978848564359886927_n-300x225.jpg 300w, https:\/\/lan.ba\/udruzenjegradjanalan\/wp-content\/uploads\/2026\/04\/685992109_1276447284469375_6978848564359886927_n-768x576.jpg 768w, https:\/\/lan.ba\/udruzenjegradjanalan\/wp-content\/uploads\/2026\/04\/685992109_1276447284469375_6978848564359886927_n-1536x1152.jpg 1536w, https:\/\/lan.ba\/udruzenjegradjanalan\/wp-content\/uploads\/2026\/04\/685992109_1276447284469375_6978848564359886927_n.jpg 1600w\" sizes=\"auto, (max-width: 1024px) 100vw, 1024px\" \/><\/figure>\n\n\n\n<figure class=\"wp-block-image size-large\"><img loading=\"lazy\" decoding=\"async\" width=\"1024\" height=\"768\" data-id=\"9999\" src=\"https:\/\/lan.ba\/udruzenjegradjanalan\/wp-content\/uploads\/2026\/04\/685005161_1276447231136047_1121721661574812307_n-1024x768.jpg\" alt=\"\" class=\"wp-image-9999\" srcset=\"https:\/\/lan.ba\/udruzenjegradjanalan\/wp-content\/uploads\/2026\/04\/685005161_1276447231136047_1121721661574812307_n-1024x768.jpg 1024w, https:\/\/lan.ba\/udruzenjegradjanalan\/wp-content\/uploads\/2026\/04\/685005161_1276447231136047_1121721661574812307_n-300x225.jpg 300w, https:\/\/lan.ba\/udruzenjegradjanalan\/wp-content\/uploads\/2026\/04\/685005161_1276447231136047_1121721661574812307_n-768x576.jpg 768w, https:\/\/lan.ba\/udruzenjegradjanalan\/wp-content\/uploads\/2026\/04\/685005161_1276447231136047_1121721661574812307_n-1536x1152.jpg 1536w, https:\/\/lan.ba\/udruzenjegradjanalan\/wp-content\/uploads\/2026\/04\/685005161_1276447231136047_1121721661574812307_n.jpg 1600w\" sizes=\"auto, (max-width: 1024px) 100vw, 1024px\" \/><\/figure>\n\n\n\n<figure class=\"wp-block-image size-large\"><img loading=\"lazy\" decoding=\"async\" width=\"1024\" height=\"768\" data-id=\"9995\" src=\"https:\/\/lan.ba\/udruzenjegradjanalan\/wp-content\/uploads\/2026\/04\/686475274_1276447167802720_1207621856691786215_n-1024x768.jpg\" alt=\"\" class=\"wp-image-9995\" srcset=\"https:\/\/lan.ba\/udruzenjegradjanalan\/wp-content\/uploads\/2026\/04\/686475274_1276447167802720_1207621856691786215_n-1024x768.jpg 1024w, https:\/\/lan.ba\/udruzenjegradjanalan\/wp-content\/uploads\/2026\/04\/686475274_1276447167802720_1207621856691786215_n-300x225.jpg 300w, https:\/\/lan.ba\/udruzenjegradjanalan\/wp-content\/uploads\/2026\/04\/686475274_1276447167802720_1207621856691786215_n-768x576.jpg 768w, https:\/\/lan.ba\/udruzenjegradjanalan\/wp-content\/uploads\/2026\/04\/686475274_1276447167802720_1207621856691786215_n-1536x1152.jpg 1536w, https:\/\/lan.ba\/udruzenjegradjanalan\/wp-content\/uploads\/2026\/04\/686475274_1276447167802720_1207621856691786215_n.jpg 1600w\" sizes=\"auto, (max-width: 1024px) 100vw, 1024px\" \/><\/figure>\n\n\n\n<figure class=\"wp-block-image size-large\"><img loading=\"lazy\" decoding=\"async\" width=\"768\" height=\"1024\" data-id=\"9998\" src=\"https:\/\/lan.ba\/udruzenjegradjanalan\/wp-content\/uploads\/2026\/04\/685350734_1276447094469394_3522646795264520634_n-768x1024.jpg\" alt=\"\" class=\"wp-image-9998\" srcset=\"https:\/\/lan.ba\/udruzenjegradjanalan\/wp-content\/uploads\/2026\/04\/685350734_1276447094469394_3522646795264520634_n-768x1024.jpg 768w, https:\/\/lan.ba\/udruzenjegradjanalan\/wp-content\/uploads\/2026\/04\/685350734_1276447094469394_3522646795264520634_n-225x300.jpg 225w, https:\/\/lan.ba\/udruzenjegradjanalan\/wp-content\/uploads\/2026\/04\/685350734_1276447094469394_3522646795264520634_n-1152x1536.jpg 1152w, https:\/\/lan.ba\/udruzenjegradjanalan\/wp-content\/uploads\/2026\/04\/685350734_1276447094469394_3522646795264520634_n.jpg 1200w\" sizes=\"auto, (max-width: 768px) 100vw, 768px\" \/><\/figure>\n\n\n\n<figure class=\"wp-block-image size-large\"><img loading=\"lazy\" decoding=\"async\" width=\"1024\" height=\"768\" data-id=\"9996\" src=\"https:\/\/lan.ba\/udruzenjegradjanalan\/wp-content\/uploads\/2026\/04\/686489654_1276447054469398_2266326558175530664_n-1024x768.jpg\" alt=\"\" class=\"wp-image-9996\" srcset=\"https:\/\/lan.ba\/udruzenjegradjanalan\/wp-content\/uploads\/2026\/04\/686489654_1276447054469398_2266326558175530664_n-1024x768.jpg 1024w, https:\/\/lan.ba\/udruzenjegradjanalan\/wp-content\/uploads\/2026\/04\/686489654_1276447054469398_2266326558175530664_n-300x225.jpg 300w, https:\/\/lan.ba\/udruzenjegradjanalan\/wp-content\/uploads\/2026\/04\/686489654_1276447054469398_2266326558175530664_n-768x576.jpg 768w, https:\/\/lan.ba\/udruzenjegradjanalan\/wp-content\/uploads\/2026\/04\/686489654_1276447054469398_2266326558175530664_n-1536x1152.jpg 1536w, https:\/\/lan.ba\/udruzenjegradjanalan\/wp-content\/uploads\/2026\/04\/686489654_1276447054469398_2266326558175530664_n.jpg 1600w\" sizes=\"auto, (max-width: 1024px) 100vw, 1024px\" \/><\/figure>\n\n\n\n<figure class=\"wp-block-image size-large\"><img loading=\"lazy\" decoding=\"async\" width=\"1024\" height=\"768\" data-id=\"9997\" src=\"https:\/\/lan.ba\/udruzenjegradjanalan\/wp-content\/uploads\/2026\/04\/685018395_1276447017802735_7030594848519022913_n-1024x768.jpg\" alt=\"\" class=\"wp-image-9997\" srcset=\"https:\/\/lan.ba\/udruzenjegradjanalan\/wp-content\/uploads\/2026\/04\/685018395_1276447017802735_7030594848519022913_n-1024x768.jpg 1024w, https:\/\/lan.ba\/udruzenjegradjanalan\/wp-content\/uploads\/2026\/04\/685018395_1276447017802735_7030594848519022913_n-300x225.jpg 300w, https:\/\/lan.ba\/udruzenjegradjanalan\/wp-content\/uploads\/2026\/04\/685018395_1276447017802735_7030594848519022913_n-768x576.jpg 768w, https:\/\/lan.ba\/udruzenjegradjanalan\/wp-content\/uploads\/2026\/04\/685018395_1276447017802735_7030594848519022913_n-1536x1152.jpg 1536w, https:\/\/lan.ba\/udruzenjegradjanalan\/wp-content\/uploads\/2026\/04\/685018395_1276447017802735_7030594848519022913_n.jpg 1600w\" sizes=\"auto, (max-width: 1024px) 100vw, 1024px\" \/><\/figure>\n\n\n\n<figure class=\"wp-block-image size-large\"><img loading=\"lazy\" decoding=\"async\" width=\"1024\" height=\"768\" data-id=\"10000\" src=\"https:\/\/lan.ba\/udruzenjegradjanalan\/wp-content\/uploads\/2026\/04\/685347382_1276446964469407_8463494114407308964_n-1024x768.jpg\" alt=\"\" class=\"wp-image-10000\" srcset=\"https:\/\/lan.ba\/udruzenjegradjanalan\/wp-content\/uploads\/2026\/04\/685347382_1276446964469407_8463494114407308964_n-1024x768.jpg 1024w, https:\/\/lan.ba\/udruzenjegradjanalan\/wp-content\/uploads\/2026\/04\/685347382_1276446964469407_8463494114407308964_n-300x225.jpg 300w, https:\/\/lan.ba\/udruzenjegradjanalan\/wp-content\/uploads\/2026\/04\/685347382_1276446964469407_8463494114407308964_n-768x576.jpg 768w, https:\/\/lan.ba\/udruzenjegradjanalan\/wp-content\/uploads\/2026\/04\/685347382_1276446964469407_8463494114407308964_n-1536x1152.jpg 1536w, https:\/\/lan.ba\/udruzenjegradjanalan\/wp-content\/uploads\/2026\/04\/685347382_1276446964469407_8463494114407308964_n.jpg 1600w\" sizes=\"auto, (max-width: 1024px) 100vw, 1024px\" \/><\/figure>\n\n\n\n<figure class=\"wp-block-image size-large\"><img loading=\"lazy\" decoding=\"async\" width=\"1024\" height=\"768\" data-id=\"10001\" src=\"https:\/\/lan.ba\/udruzenjegradjanalan\/wp-content\/uploads\/2026\/04\/685411538_1276446921136078_3429080389423393175_n-1024x768.jpg\" alt=\"\" class=\"wp-image-10001\" srcset=\"https:\/\/lan.ba\/udruzenjegradjanalan\/wp-content\/uploads\/2026\/04\/685411538_1276446921136078_3429080389423393175_n-1024x768.jpg 1024w, https:\/\/lan.ba\/udruzenjegradjanalan\/wp-content\/uploads\/2026\/04\/685411538_1276446921136078_3429080389423393175_n-300x225.jpg 300w, https:\/\/lan.ba\/udruzenjegradjanalan\/wp-content\/uploads\/2026\/04\/685411538_1276446921136078_3429080389423393175_n-768x576.jpg 768w, https:\/\/lan.ba\/udruzenjegradjanalan\/wp-content\/uploads\/2026\/04\/685411538_1276446921136078_3429080389423393175_n-1536x1152.jpg 1536w, https:\/\/lan.ba\/udruzenjegradjanalan\/wp-content\/uploads\/2026\/04\/685411538_1276446921136078_3429080389423393175_n.jpg 1600w\" sizes=\"auto, (max-width: 1024px) 100vw, 1024px\" \/><\/figure>\n<\/figure>\n","protected":false},"excerpt":{"rendered":"<p>U utorak 28. aprila 2026. godine odr\u017eana je prva radionica sa djevojkama iz JU Ma\u0161insko-saobra\u0107ajna mje\u0161ovita srednja \u0161kola Biha\u0107 u okviru projekta \u201eGlas djevojaka \u2013 snaga zajednice\u201c. Radionicu smo zapo\u010dele vje\u017ebom \u201eSimboli\u201c, kroz koju su se djevojke predstavile na kreativan na\u010din \u2013 biraju\u0107i simbole koji govore ne\u0161to o njima, njihovim osobinama, vrijednostima, snovima i onome [&hellip;]<\/p>\n","protected":false},"author":3,"featured_media":9999,"comment_status":"open","ping_status":"closed","sticky":false,"template":"","format":"standard","meta":{"footnotes":""},"categories":[57],"tags":[],"class_list":{"0":"post-9993","1":"post","2":"type-post","3":"status-publish","4":"format-standard","5":"has-post-thumbnail","7":"category-glas-djevojaka-snaga-zajednice","8":"czr-hentry"},"_links":{"self":[{"href":"https:\/\/lan.ba\/udruzenjegradjanalan\/wp-json\/wp\/v2\/posts\/9993","targetHints":{"allow":["GET"]}}],"collection":[{"href":"https:\/\/lan.ba\/udruzenjegradjanalan\/wp-json\/wp\/v2\/posts"}],"about":[{"href":"https:\/\/lan.ba\/udruzenjegradjanalan\/wp-json\/wp\/v2\/types\/post"}],"author":[{"embeddable":true,"href":"https:\/\/lan.ba\/udruzenjegradjanalan\/wp-json\/wp\/v2\/users\/3"}],"replies":[{"embeddable":true,"href":"https:\/\/lan.ba\/udruzenjegradjanalan\/wp-json\/wp\/v2\/comments?post=9993"}],"version-history":[{"count":1,"href":"https:\/\/lan.ba\/udruzenjegradjanalan\/wp-json\/wp\/v2\/posts\/9993\/revisions"}],"predecessor-version":[{"id":10002,"href":"https:\/\/lan.ba\/udruzenjegradjanalan\/wp-json\/wp\/v2\/posts\/9993\/revisions\/10002"}],"wp:featuredmedia":[{"embeddable":true,"href":"https:\/\/lan.ba\/udruzenjegradjanalan\/wp-json\/wp\/v2\/media\/9999"}],"wp:attachment":[{"href":"https:\/\/lan.ba\/udruzenjegradjanalan\/wp-json\/wp\/v2\/media?parent=9993"}],"wp:term":[{"taxonomy":"category","embeddable":true,"href":"https:\/\/lan.ba\/udruzenjegradjanalan\/wp-json\/wp\/v2\/categories?post=9993"},{"taxonomy":"post_tag","embeddable":true,"href":"https:\/\/lan.ba\/udruzenjegradjanalan\/wp-json\/wp\/v2\/tags?post=9993"}],"curies":[{"name":"wp","href":"https:\/\/api.w.org\/{rel}","templated":true}]}}